{"id":4795,"date":"2024-02-07T15:19:11","date_gmt":"2024-02-07T15:19:11","guid":{"rendered":"http:\/\/bursa3radom.pl\/?p=4795"},"modified":"2024-03-10T08:06:16","modified_gmt":"2024-03-10T08:06:16","slug":"obchody-dnia-kota","status":"publish","type":"post","link":"https:\/\/bursa3radom.pl\/?p=4795","title":{"rendered":"Obchody &#8222;Dnia Kota&#8221;"},"content":{"rendered":"\n<p>Co roku, 17 lutego, obchodzimy \u015awiatowy Dzie\u0144 Kota. Jest to \u015bwi\u0119to maj\u0105ce podkre\u015bli\u0107 znaczenie kot\u00f3w w \u017cyciu cz\u0142owieka, niesienie pomocy wolno \u017cyj\u0105cym i bezdomnym zwierz\u0119tom, a tak\u017ce uwra\u017cliwienie ludzi na cz\u0119sto trudny koci los.<\/p>\n\n\n\n<p>W tym roku z tej okazji organizujemy zbi\u00f3rk\u0119 karmy do radomskiego schroniska. Zach\u0119camy ca\u0142\u0105 spo\u0142eczno\u015b\u0107 do w\u0142\u0105czenia si\u0119 w t\u0105 akcj\u0119. <\/p>\n\n\n\n<p>Zapraszamy r\u00f3wnie\u017c do wzi\u0119cia udzia\u0142u w konkursie fotograficznym. Szczeg\u00f3\u0142y na zdj\u0119ciu poni\u017cej. <\/p>\n\n\n\n<figure class=\"wp-block-image size-large\"><a href=\"http:\/\/bursa3radom.pl\/wp-content\/uploads\/2024\/02\/Dodaj-naglowek-5.png\"><img loading=\"lazy\" decoding=\"async\" width=\"724\" height=\"1024\" src=\"http:\/\/bursa3radom.pl\/wp-content\/uploads\/2024\/02\/Dodaj-naglowek-5-724x1024.png\" alt=\"\" class=\"wp-image-4797\" srcset=\"https:\/\/bursa3radom.pl\/wp-content\/uploads\/2024\/02\/Dodaj-naglowek-5-724x1024.png 724w, https:\/\/bursa3radom.pl\/wp-content\/uploads\/2024\/02\/Dodaj-naglowek-5-212x300.png 212w, https:\/\/bursa3radom.pl\/wp-content\/uploads\/2024\/02\/Dodaj-naglowek-5-768x1086.png 768w, https:\/\/bursa3radom.pl\/wp-content\/uploads\/2024\/02\/Dodaj-naglowek-5-1086x1536.png 1086w, https:\/\/bursa3radom.pl\/wp-content\/uploads\/2024\/02\/Dodaj-naglowek-5.png 1414w\" sizes=\"auto, (max-width: 724px) 100vw, 724px\" \/><\/a><\/figure>\n\n\n\n<div class=\"wp-block-file\"><a id=\"wp-block-file--media-c57a60b3-54a2-4b5d-9bd3-3841f0d0b979\" href=\"http:\/\/bursa3radom.pl\/wp-content\/uploads\/2024\/02\/Regulamin-konkursu-Dzien-kota.docx\">Regulamin-konkursu-Dzien-kota<\/a><a href=\"http:\/\/bursa3radom.pl\/wp-content\/uploads\/2024\/02\/Regulamin-konkursu-Dzien-kota.docx\" class=\"wp-block-file__button\" download aria-describedby=\"wp-block-file--media-c57a60b3-54a2-4b5d-9bd3-3841f0d0b979\">Pobierz<\/a><\/div>\n","protected":false},"excerpt":{"rendered":"<p>Co roku, 17 lutego, obchodzimy \u015awiatowy Dzie\u0144 Kota. Jest to \u015bwi\u0119to maj\u0105ce podkre\u015bli\u0107 znaczenie kot\u00f3w w \u017cyciu cz\u0142owieka, niesienie pomocy wolno \u017cyj\u0105cym i bezdomnym zwierz\u0119tom, a tak\u017ce uwra\u017cliwienie ludzi na cz\u0119sto trudny koci los. W tym roku z tej okazji organizujemy zbi\u00f3rk\u0119 karmy do radomskiego schroniska. Zach\u0119camy ca\u0142\u0105 spo\u0142eczno\u015b\u0107 do w\u0142\u0105czenia si\u0119 w t\u0105 akcj\u0119. Zapraszamy r\u00f3wnie\u017c do wzi\u0119cia udzia\u0142u w konkursie fotograficznym. Szczeg\u00f3\u0142y na zdj\u0119ciu poni\u017cej.<\/p>\n","protected":false},"author":2,"featured_media":4797,"comment_status":"closed","ping_status":"closed","sticky":false,"template":"","format":"standard","meta":{"footnotes":""},"categories":[1],"tags":[],"class_list":["post-4795","post","type-post","status-publish","format-standard","has-post-thumbnail","hentry","category-uncategorized"],"_links":{"self":[{"href":"https:\/\/bursa3radom.pl\/index.php?rest_route=\/wp\/v2\/posts\/4795","targetHints":{"allow":["GET"]}}],"collection":[{"href":"https:\/\/bursa3radom.pl\/index.php?rest_route=\/wp\/v2\/posts"}],"about":[{"href":"https:\/\/bursa3radom.pl\/index.php?rest_route=\/wp\/v2\/types\/post"}],"author":[{"embeddable":true,"href":"https:\/\/bursa3radom.pl\/index.php?rest_route=\/wp\/v2\/users\/2"}],"replies":[{"embeddable":true,"href":"https:\/\/bursa3radom.pl\/index.php?rest_route=%2Fwp%2Fv2%2Fcomments&post=4795"}],"version-history":[{"count":3,"href":"https:\/\/bursa3radom.pl\/index.php?rest_route=\/wp\/v2\/posts\/4795\/revisions"}],"predecessor-version":[{"id":4858,"href":"https:\/\/bursa3radom.pl\/index.php?rest_route=\/wp\/v2\/posts\/4795\/revisions\/4858"}],"wp:featuredmedia":[{"embeddable":true,"href":"https:\/\/bursa3radom.pl\/index.php?rest_route=\/wp\/v2\/media\/4797"}],"wp:attachment":[{"href":"https:\/\/bursa3radom.pl\/index.php?rest_route=%2Fwp%2Fv2%2Fmedia&parent=4795"}],"wp:term":[{"taxonomy":"category","embeddable":true,"href":"https:\/\/bursa3radom.pl\/index.php?rest_route=%2Fwp%2Fv2%2Fcategories&post=4795"},{"taxonomy":"post_tag","embeddable":true,"href":"https:\/\/bursa3radom.pl\/index.php?rest_route=%2Fwp%2Fv2%2Ftags&post=4795"}],"curies":[{"name":"wp","href":"https:\/\/api.w.org\/{rel}","templated":true}]}}