{"id":4503,"date":"2023-08-28T12:52:42","date_gmt":"2023-08-28T12:52:42","guid":{"rendered":"http:\/\/bursa3radom.pl\/?p=4503"},"modified":"2025-08-31T14:10:29","modified_gmt":"2025-08-31T14:10:29","slug":"informacje-o-kwaterowaniu","status":"publish","type":"post","link":"https:\/\/bursa3radom.pl\/?p=4503","title":{"rendered":"Kwaterowanie wychowank\u00f3w &#8211; wa\u017cne informacje"},"content":{"rendered":"\n<p class=\"has-text-align-center\"><strong>Kwaterowanie m\u0142odzie\u017cy do grup wychowawczych odb\u0119dzie si\u0119 <\/strong><br><strong>w dniu 31.08.2025 r. (niedziela) w godzinach 16.00-20.00.<\/strong><\/p>\n\n\n\n<p>W tych godzinach wychowankowie zg\u0142aszaj\u0105 si\u0119 z rodzicem\/opiekunem prawnym posiadaj\u0105cym dokument. <\/p>\n\n\n\n<p>W indywidualnych przypadkach mo\u017cliwe jest kwaterowanie w innym terminie,  ale fakt ten musi zosta\u0107  wcze\u015bniej zg\u0142oszony.<\/p>\n\n\n\n<p><strong>Je\u017celi ucze\u0144 nie zg\u0142osi si\u0119 w dniu kwaterowania i nie zg\u0142osi tego faktu wcze\u015bniej traci miejsce w bursie.<\/strong><\/p>\n\n\n\n<h2 class=\"wp-block-heading\"><strong>W celu usprawnienia procesu kwaterowania prosimy pobra\u0107 i wype\u0142ni\u0107 dokumenty dost\u0119pne w zak\u0142adce Dokumenty przy kwaterowaniu: <\/strong><\/h2>\n\n\n\n<h2 class=\"wp-block-heading\"><a href=\"http:\/\/bursa3radom.pl\/?page_id=1720\">http:\/\/bursa3radom.pl\/?page_id=1720<\/a><\/h2>\n\n\n\n<p>Wychowankowie kontynuuj\u0105cy wype\u0142niaj\u0105 tylko zobowi\u0105zanie do p\u0142atno\u015bci oraz za powierzone mienie i druk meldunku tymczasowego. <\/p>\n\n\n\n<p>Nale\u017cy zaopatrzy\u0107 si\u0119 w rzeczy umieszczone w niezb\u0119dniku wychowanka:<\/p>\n\n\n\n<div class=\"wp-block-file\"><a id=\"wp-block-file--media-ba94a449-f832-492b-b8d7-a9e6376e645b\" href=\"http:\/\/bursa3radom.pl\/wp-content\/uploads\/2023\/08\/Niezbednik-2023.docx\">Niezbednik<\/a><a href=\"http:\/\/bursa3radom.pl\/wp-content\/uploads\/2023\/08\/Niezbednik-2023.docx\" class=\"wp-block-file__button wp-element-button\" download aria-describedby=\"wp-block-file--media-ba94a449-f832-492b-b8d7-a9e6376e645b\">Pobierz<\/a><\/div>\n\n\n\n<p>Prosz\u0119 zapozna\u0107 si\u0119 z umieszczonymi w sekcji Dokumenty regulaminem op\u0142at, Statutem Bursy oraz Zasadami wsp\u00f3\u0142pracy z rodzicami. <\/p>\n\n\n\n<p><\/p>\n\n\n\n<p><strong>OP\u0141ATY<\/strong> <\/p>\n\n\n\n<p>Na op\u0142at\u0119 sk\u0142adaj\u0105 si\u0119 koszty zakwaterowania 195 z\u0142 oraz stawka \u017cywieniowa dzienna w kwocie 20 z\u0142. <\/p>\n\n\n\n<p>Kwota za wrzesie\u0144 wynosi 635 z\u0142 (22 dni x 20 z\u0142 + 195 z\u0142). \u017bywienie od 1 wrze\u015bnia.<\/p>\n\n\n\n<p>Za wrzesie\u0144 wymagana jest wp\u0142ata got\u00f3wkowa w kasie bursy podczas kwaterowania, w godzinach 16.00-20.00. Z dowodem wp\u0142aty nale\u017cy uda\u0107 si\u0119 do wychowawcy grupy.<\/p>\n\n\n\n<p><\/p>\n\n\n\n<p><strong>WYCHOWANKOWIE Z UKRAINY <\/strong>zg\u0142aszaj\u0105 si\u0119 z rodzicem lub opiekunem prawnym i dokumentami potwierdzaj\u0105cymi funkcj\u0119 opiekuna <strong>przet\u0142umaczonymi na j\u0119zyk polski.<\/strong><\/p>\n\n\n\n<p><\/p>\n","protected":false},"excerpt":{"rendered":"<p>Kwaterowanie m\u0142odzie\u017cy do grup wychowawczych odb\u0119dzie si\u0119 w dniu 31.08.2025 r. (niedziela) w godzinach 16.00-20.00. W tych godzinach wychowankowie zg\u0142aszaj\u0105 si\u0119 z rodzicem\/opiekunem prawnym posiadaj\u0105cym dokument. W indywidualnych przypadkach mo\u017cliwe jest kwaterowanie w innym terminie, ale fakt ten musi zosta\u0107 wcze\u015bniej zg\u0142oszony. Je\u017celi ucze\u0144 nie zg\u0142osi si\u0119 w dniu kwaterowania i nie zg\u0142osi tego faktu wcze\u015bniej traci miejsce w bursie. W celu usprawnienia procesu kwaterowania prosimy pobra\u0107 i wype\u0142ni\u0107 dokumenty&#8230;<\/p>\n","protected":false},"author":1,"featured_media":4521,"comment_status":"closed","ping_status":"closed","sticky":false,"template":"","format":"standard","meta":{"footnotes":""},"categories":[1],"tags":[],"class_list":["post-4503","post","type-post","status-publish","format-standard","has-post-thumbnail","hentry","category-uncategorized"],"_links":{"self":[{"href":"https:\/\/bursa3radom.pl\/index.php?rest_route=\/wp\/v2\/posts\/4503","targetHints":{"allow":["GET"]}}],"collection":[{"href":"https:\/\/bursa3radom.pl\/index.php?rest_route=\/wp\/v2\/posts"}],"about":[{"href":"https:\/\/bursa3radom.pl\/index.php?rest_route=\/wp\/v2\/types\/post"}],"author":[{"embeddable":true,"href":"https:\/\/bursa3radom.pl\/index.php?rest_route=\/wp\/v2\/users\/1"}],"replies":[{"embeddable":true,"href":"https:\/\/bursa3radom.pl\/index.php?rest_route=%2Fwp%2Fv2%2Fcomments&post=4503"}],"version-history":[{"count":16,"href":"https:\/\/bursa3radom.pl\/index.php?rest_route=\/wp\/v2\/posts\/4503\/revisions"}],"predecessor-version":[{"id":5375,"href":"https:\/\/bursa3radom.pl\/index.php?rest_route=\/wp\/v2\/posts\/4503\/revisions\/5375"}],"wp:featuredmedia":[{"embeddable":true,"href":"https:\/\/bursa3radom.pl\/index.php?rest_route=\/wp\/v2\/media\/4521"}],"wp:attachment":[{"href":"https:\/\/bursa3radom.pl\/index.php?rest_route=%2Fwp%2Fv2%2Fmedia&parent=4503"}],"wp:term":[{"taxonomy":"category","embeddable":true,"href":"https:\/\/bursa3radom.pl\/index.php?rest_route=%2Fwp%2Fv2%2Fcategories&post=4503"},{"taxonomy":"post_tag","embeddable":true,"href":"https:\/\/bursa3radom.pl\/index.php?rest_route=%2Fwp%2Fv2%2Ftags&post=4503"}],"curies":[{"name":"wp","href":"https:\/\/api.w.org\/{rel}","templated":true}]}}