{"id":3835,"date":"2022-02-09T12:09:52","date_gmt":"2022-02-09T12:09:52","guid":{"rendered":"http:\/\/bursa3radom.pl\/?p=3835"},"modified":"2022-04-13T11:31:03","modified_gmt":"2022-04-13T11:31:03","slug":"powroty-po-feriach-aktualizacja","status":"publish","type":"post","link":"https:\/\/bursa3radom.pl\/?p=3835","title":{"rendered":"Powroty po feriach &#8211; aktualizacja"},"content":{"rendered":"\n<p>W zwi\u0105zku z konferencj\u0105 Ministra Zdrowia oraz Ministra Edukacji i Nauki, podczas kt\u00f3rej zapowiedziano nauk\u0119 stacjonarn\u0105 od 21.02, informujemy, \u017ce powroty m\u0142odzie\u017cy do bursy odbywa\u0107 si\u0119 b\u0119d\u0105 od 20.02.<\/p>\n\n\n\n<p> Po feriach bursa otwarta b\u0119dzie od 14.02 (poniedzia\u0142ek) od godziny 6.30 dla m\u0142odzie\u017cy powracaj\u0105cej z zagranicy i pozosta\u0142ych os\u00f3b podejmuj\u0105cych zaj\u0119cia praktyczne. <strong>Taki powr\u00f3t nale\u017cy zg\u0142osi\u0107 do wychowawcy telefonicznie lub mailowo (wychowawcybursy3@gmail.com).<\/strong> W przypadku ma\u0142ej liczby m\u0142odzie\u017cy w tygodniu 14-20. 02 nie b\u0119dzie wy\u017cywienia. <\/p>\n\n\n\n<p>Prosimy r\u00f3wnie\u017c o wcze\u015bniejsz\u0105 informacj\u0119 wychowank\u00f3w, kt\u00f3rzy z r\u00f3\u017cnych przyczyn nie przyjad\u0105 do bursy od 21.02, w celu ustalenia odpis\u00f3w  z \u017cywienia. <\/p>\n","protected":false},"excerpt":{"rendered":"<p>W zwi\u0105zku z konferencj\u0105 Ministra Zdrowia oraz Ministra Edukacji i Nauki, podczas kt\u00f3rej zapowiedziano nauk\u0119 stacjonarn\u0105 od 21.02, informujemy, \u017ce powroty m\u0142odzie\u017cy do bursy odbywa\u0107 si\u0119 b\u0119d\u0105 od 20.02. Po feriach bursa otwarta b\u0119dzie od 14.02 (poniedzia\u0142ek) od godziny 6.30 dla m\u0142odzie\u017cy powracaj\u0105cej z zagranicy i pozosta\u0142ych os\u00f3b podejmuj\u0105cych zaj\u0119cia praktyczne. Taki powr\u00f3t nale\u017cy zg\u0142osi\u0107 do wychowawcy telefonicznie lub mailowo (wychowawcybursy3@gmail.com). W przypadku ma\u0142ej liczby m\u0142odzie\u017cy w tygodniu 14-20. 02&#8230;<\/p>\n","protected":false},"author":1,"featured_media":0,"comment_status":"closed","ping_status":"closed","sticky":false,"template":"","format":"standard","meta":{"footnotes":""},"categories":[1],"tags":[],"class_list":["post-3835","post","type-post","status-publish","format-standard","hentry","category-uncategorized"],"_links":{"self":[{"href":"https:\/\/bursa3radom.pl\/index.php?rest_route=\/wp\/v2\/posts\/3835","targetHints":{"allow":["GET"]}}],"collection":[{"href":"https:\/\/bursa3radom.pl\/index.php?rest_route=\/wp\/v2\/posts"}],"about":[{"href":"https:\/\/bursa3radom.pl\/index.php?rest_route=\/wp\/v2\/types\/post"}],"author":[{"embeddable":true,"href":"https:\/\/bursa3radom.pl\/index.php?rest_route=\/wp\/v2\/users\/1"}],"replies":[{"embeddable":true,"href":"https:\/\/bursa3radom.pl\/index.php?rest_route=%2Fwp%2Fv2%2Fcomments&post=3835"}],"version-history":[{"count":3,"href":"https:\/\/bursa3radom.pl\/index.php?rest_route=\/wp\/v2\/posts\/3835\/revisions"}],"predecessor-version":[{"id":3838,"href":"https:\/\/bursa3radom.pl\/index.php?rest_route=\/wp\/v2\/posts\/3835\/revisions\/3838"}],"wp:attachment":[{"href":"https:\/\/bursa3radom.pl\/index.php?rest_route=%2Fwp%2Fv2%2Fmedia&parent=3835"}],"wp:term":[{"taxonomy":"category","embeddable":true,"href":"https:\/\/bursa3radom.pl\/index.php?rest_route=%2Fwp%2Fv2%2Fcategories&post=3835"},{"taxonomy":"post_tag","embeddable":true,"href":"https:\/\/bursa3radom.pl\/index.php?rest_route=%2Fwp%2Fv2%2Ftags&post=3835"}],"curies":[{"name":"wp","href":"https:\/\/api.w.org\/{rel}","templated":true}]}}