{"id":3831,"date":"2022-01-26T12:23:53","date_gmt":"2022-01-26T12:23:53","guid":{"rendered":"http:\/\/bursa3radom.pl\/?p=3831"},"modified":"2022-02-09T12:10:35","modified_gmt":"2022-02-09T12:10:35","slug":"powroty-po-feriach","status":"publish","type":"post","link":"https:\/\/bursa3radom.pl\/?p=3831","title":{"rendered":"Powroty po feriach"},"content":{"rendered":"\n<ul class=\"wp-block-gallery columns-1 is-cropped wp-block-gallery-1 is-layout-flex wp-block-gallery-is-layout-flex\"><li class=\"blocks-gallery-item\"><figure><a href=\"http:\/\/bursa3radom.pl\/?attachment_id=3832\"><img loading=\"lazy\" decoding=\"async\" width=\"1024\" height=\"1024\" src=\"http:\/\/bursa3radom.pl\/wp-content\/uploads\/2022\/01\/Bezpiecznych-ferii-1024x1024.jpg\" alt=\"\" data-id=\"3832\" data-link=\"http:\/\/bursa3radom.pl\/?attachment_id=3832\" class=\"wp-image-3832\" srcset=\"https:\/\/bursa3radom.pl\/wp-content\/uploads\/2022\/01\/Bezpiecznych-ferii-1024x1024.jpg 1024w, https:\/\/bursa3radom.pl\/wp-content\/uploads\/2022\/01\/Bezpiecznych-ferii-150x150.jpg 150w, https:\/\/bursa3radom.pl\/wp-content\/uploads\/2022\/01\/Bezpiecznych-ferii-300x300.jpg 300w, https:\/\/bursa3radom.pl\/wp-content\/uploads\/2022\/01\/Bezpiecznych-ferii-768x768.jpg 768w, https:\/\/bursa3radom.pl\/wp-content\/uploads\/2022\/01\/Bezpiecznych-ferii.jpg 1080w\" sizes=\"auto, (max-width: 1024px) 100vw, 1024px\" \/><\/a><\/figure><\/li><\/ul>\n\n\n\n<p>W zwi\u0105zku z wprowadzeniem po feriach zimowych nauki zdalnej oraz mo\u017cliwo\u015bci konsultacji maturalnych b\u0105d\u017a zaj\u0119\u0107 warsztatowych infomujemy, \u017ce bursa b\u0119dzie otwarta dla naszych wychowank\u00f3w. Godziny pracy wychowawc\u00f3w b\u0119d\u0105 zale\u017cne od liczby m\u0142odzie\u017cy, w zwi\u0105zku z tym, ka\u017cdy planowany przyjazd po feriach musi zosta\u0107 uprzednio ustalony z wychowawc\u0105. <\/p>\n\n\n\n<p>Przypominamy mail do wychowawc\u00f3w: wychowawcybursy3@gmail.com<\/p>\n","protected":false},"excerpt":{"rendered":"<p>W zwi\u0105zku z wprowadzeniem po feriach zimowych nauki zdalnej oraz mo\u017cliwo\u015bci konsultacji maturalnych b\u0105d\u017a zaj\u0119\u0107 warsztatowych infomujemy, \u017ce bursa b\u0119dzie otwarta dla naszych wychowank\u00f3w. Godziny pracy wychowawc\u00f3w b\u0119d\u0105 zale\u017cne od liczby m\u0142odzie\u017cy, w zwi\u0105zku z tym, ka\u017cdy planowany przyjazd po feriach musi zosta\u0107 uprzednio ustalony z wychowawc\u0105. Przypominamy mail do wychowawc\u00f3w: wychowawcybursy3@gmail.com<\/p>\n","protected":false},"author":1,"featured_media":3832,"comment_status":"closed","ping_status":"closed","sticky":false,"template":"","format":"standard","meta":{"footnotes":""},"categories":[1],"tags":[],"class_list":["post-3831","post","type-post","status-publish","format-standard","has-post-thumbnail","hentry","category-uncategorized"],"_links":{"self":[{"href":"https:\/\/bursa3radom.pl\/index.php?rest_route=\/wp\/v2\/posts\/3831","targetHints":{"allow":["GET"]}}],"collection":[{"href":"https:\/\/bursa3radom.pl\/index.php?rest_route=\/wp\/v2\/posts"}],"about":[{"href":"https:\/\/bursa3radom.pl\/index.php?rest_route=\/wp\/v2\/types\/post"}],"author":[{"embeddable":true,"href":"https:\/\/bursa3radom.pl\/index.php?rest_route=\/wp\/v2\/users\/1"}],"replies":[{"embeddable":true,"href":"https:\/\/bursa3radom.pl\/index.php?rest_route=%2Fwp%2Fv2%2Fcomments&post=3831"}],"version-history":[{"count":1,"href":"https:\/\/bursa3radom.pl\/index.php?rest_route=\/wp\/v2\/posts\/3831\/revisions"}],"predecessor-version":[{"id":3833,"href":"https:\/\/bursa3radom.pl\/index.php?rest_route=\/wp\/v2\/posts\/3831\/revisions\/3833"}],"wp:featuredmedia":[{"embeddable":true,"href":"https:\/\/bursa3radom.pl\/index.php?rest_route=\/wp\/v2\/media\/3832"}],"wp:attachment":[{"href":"https:\/\/bursa3radom.pl\/index.php?rest_route=%2Fwp%2Fv2%2Fmedia&parent=3831"}],"wp:term":[{"taxonomy":"category","embeddable":true,"href":"https:\/\/bursa3radom.pl\/index.php?rest_route=%2Fwp%2Fv2%2Fcategories&post=3831"},{"taxonomy":"post_tag","embeddable":true,"href":"https:\/\/bursa3radom.pl\/index.php?rest_route=%2Fwp%2Fv2%2Ftags&post=3831"}],"curies":[{"name":"wp","href":"https:\/\/api.w.org\/{rel}","templated":true}]}}