{"id":3675,"date":"2021-11-05T14:20:08","date_gmt":"2021-11-05T14:20:08","guid":{"rendered":"http:\/\/bursa3radom.pl\/?p=3675"},"modified":"2022-05-18T19:04:55","modified_gmt":"2022-05-18T19:04:55","slug":"opieka-nad-pomnikiem","status":"publish","type":"post","link":"https:\/\/bursa3radom.pl\/?p=3675","title":{"rendered":"Opieka nad pomnikiem"},"content":{"rendered":"\n<p>Chlub\u0105 naszej Bursy jest troska o pami\u0119\u0107 o Tych, kt\u00f3rzy zgin\u0119li walcz\u0105c o nasz\u0105 ojczyzn\u0119. <\/p>\n\n\n\n<p>W pa\u017adzierniku pomnikiem opiekowa\u0142a si\u0119 grupa I pod kierunkiem wychowawc\u00f3w &#8211; pani Marty Nowak i pani Miros\u0142awy Marlicy. Ch\u0142opcy regularnie grabili li\u015bcie i sprz\u0105tali okolice pomnika. Zasadzili r\u00f3wnie\u017c nowe kwiaty w gazonach &#8211; wrzosy i chryzantemy. <\/p>\n\n\n\n<figure class=\"wp-block-gallery has-nested-images columns-default is-cropped wp-block-gallery-1 is-layout-flex wp-block-gallery-is-layout-flex\">\n<figure class=\"wp-block-image\"><a href=\"http:\/\/bursa3radom.pl\/wp-content\/uploads\/2021\/11\/IMG_20211012_172334.jpg\"><img loading=\"lazy\" decoding=\"async\" width=\"1024\" height=\"1024\" data-id=\"3705\" src=\"http:\/\/bursa3radom.pl\/wp-content\/uploads\/2021\/11\/IMG_20211012_172334-1024x1024.jpg\" alt=\"\" class=\"wp-image-3705\" srcset=\"https:\/\/bursa3radom.pl\/wp-content\/uploads\/2021\/11\/IMG_20211012_172334-1024x1024.jpg 1024w, https:\/\/bursa3radom.pl\/wp-content\/uploads\/2021\/11\/IMG_20211012_172334-150x150.jpg 150w, https:\/\/bursa3radom.pl\/wp-content\/uploads\/2021\/11\/IMG_20211012_172334-300x300.jpg 300w, https:\/\/bursa3radom.pl\/wp-content\/uploads\/2021\/11\/IMG_20211012_172334-768x768.jpg 768w\" sizes=\"auto, (max-width: 1024px) 100vw, 1024px\" \/><\/a><\/figure>\n\n\n\n<figure class=\"wp-block-image\"><a href=\"http:\/\/bursa3radom.pl\/wp-content\/uploads\/2021\/11\/IMG_20211012_172457.jpg\"><img loading=\"lazy\" decoding=\"async\" width=\"1024\" height=\"1024\" data-id=\"3706\" src=\"http:\/\/bursa3radom.pl\/wp-content\/uploads\/2021\/11\/IMG_20211012_172457-1024x1024.jpg\" alt=\"\" class=\"wp-image-3706\" srcset=\"https:\/\/bursa3radom.pl\/wp-content\/uploads\/2021\/11\/IMG_20211012_172457-1024x1024.jpg 1024w, https:\/\/bursa3radom.pl\/wp-content\/uploads\/2021\/11\/IMG_20211012_172457-150x150.jpg 150w, https:\/\/bursa3radom.pl\/wp-content\/uploads\/2021\/11\/IMG_20211012_172457-300x300.jpg 300w, https:\/\/bursa3radom.pl\/wp-content\/uploads\/2021\/11\/IMG_20211012_172457-768x768.jpg 768w\" sizes=\"auto, (max-width: 1024px) 100vw, 1024px\" \/><\/a><\/figure>\n\n\n\n<figure class=\"wp-block-image\"><a href=\"http:\/\/bursa3radom.pl\/wp-content\/uploads\/2021\/11\/IMG_20211020_171333.jpg\"><img loading=\"lazy\" decoding=\"async\" width=\"1024\" height=\"1024\" data-id=\"3707\" src=\"http:\/\/bursa3radom.pl\/wp-content\/uploads\/2021\/11\/IMG_20211020_171333-1024x1024.jpg\" alt=\"\" class=\"wp-image-3707\" srcset=\"https:\/\/bursa3radom.pl\/wp-content\/uploads\/2021\/11\/IMG_20211020_171333-1024x1024.jpg 1024w, https:\/\/bursa3radom.pl\/wp-content\/uploads\/2021\/11\/IMG_20211020_171333-150x150.jpg 150w, https:\/\/bursa3radom.pl\/wp-content\/uploads\/2021\/11\/IMG_20211020_171333-300x300.jpg 300w, https:\/\/bursa3radom.pl\/wp-content\/uploads\/2021\/11\/IMG_20211020_171333-768x768.jpg 768w\" sizes=\"auto, (max-width: 1024px) 100vw, 1024px\" \/><\/a><\/figure>\n\n\n\n<figure class=\"wp-block-image\"><a href=\"http:\/\/bursa3radom.pl\/wp-content\/uploads\/2021\/11\/IMG_20211020_172134.jpg\"><img loading=\"lazy\" decoding=\"async\" width=\"965\" height=\"1024\" data-id=\"3708\" src=\"http:\/\/bursa3radom.pl\/wp-content\/uploads\/2021\/11\/IMG_20211020_172134-965x1024.jpg\" alt=\"\" class=\"wp-image-3708\" srcset=\"https:\/\/bursa3radom.pl\/wp-content\/uploads\/2021\/11\/IMG_20211020_172134-965x1024.jpg 965w, https:\/\/bursa3radom.pl\/wp-content\/uploads\/2021\/11\/IMG_20211020_172134-283x300.jpg 283w, https:\/\/bursa3radom.pl\/wp-content\/uploads\/2021\/11\/IMG_20211020_172134-768x815.jpg 768w\" sizes=\"auto, (max-width: 965px) 100vw, 965px\" \/><\/a><\/figure>\n\n\n\n<figure class=\"wp-block-image\"><a href=\"http:\/\/bursa3radom.pl\/wp-content\/uploads\/2021\/11\/IMG_20211020_172521.jpg\"><img loading=\"lazy\" decoding=\"async\" width=\"1024\" height=\"1024\" data-id=\"3709\" src=\"http:\/\/bursa3radom.pl\/wp-content\/uploads\/2021\/11\/IMG_20211020_172521-1024x1024.jpg\" alt=\"\" class=\"wp-image-3709\" srcset=\"https:\/\/bursa3radom.pl\/wp-content\/uploads\/2021\/11\/IMG_20211020_172521-1024x1024.jpg 1024w, https:\/\/bursa3radom.pl\/wp-content\/uploads\/2021\/11\/IMG_20211020_172521-150x150.jpg 150w, https:\/\/bursa3radom.pl\/wp-content\/uploads\/2021\/11\/IMG_20211020_172521-300x300.jpg 300w, https:\/\/bursa3radom.pl\/wp-content\/uploads\/2021\/11\/IMG_20211020_172521-768x768.jpg 768w\" sizes=\"auto, (max-width: 1024px) 100vw, 1024px\" \/><\/a><\/figure>\n\n\n\n<figure class=\"wp-block-image\"><a href=\"http:\/\/bursa3radom.pl\/wp-content\/uploads\/2021\/11\/IMG_20211020_174359.jpg\"><img loading=\"lazy\" decoding=\"async\" width=\"1024\" height=\"1024\" data-id=\"3710\" src=\"http:\/\/bursa3radom.pl\/wp-content\/uploads\/2021\/11\/IMG_20211020_174359-1024x1024.jpg\" alt=\"\" class=\"wp-image-3710\" srcset=\"https:\/\/bursa3radom.pl\/wp-content\/uploads\/2021\/11\/IMG_20211020_174359-1024x1024.jpg 1024w, https:\/\/bursa3radom.pl\/wp-content\/uploads\/2021\/11\/IMG_20211020_174359-150x150.jpg 150w, https:\/\/bursa3radom.pl\/wp-content\/uploads\/2021\/11\/IMG_20211020_174359-300x300.jpg 300w, https:\/\/bursa3radom.pl\/wp-content\/uploads\/2021\/11\/IMG_20211020_174359-768x768.jpg 768w\" sizes=\"auto, (max-width: 1024px) 100vw, 1024px\" \/><\/a><\/figure>\n\n\n\n<figure class=\"wp-block-image\"><a href=\"http:\/\/bursa3radom.pl\/wp-content\/uploads\/2021\/11\/IMG_20211020_174535.jpg\"><img loading=\"lazy\" decoding=\"async\" width=\"1024\" height=\"799\" data-id=\"3711\" src=\"http:\/\/bursa3radom.pl\/wp-content\/uploads\/2021\/11\/IMG_20211020_174535-1024x799.jpg\" alt=\"\" class=\"wp-image-3711\" srcset=\"https:\/\/bursa3radom.pl\/wp-content\/uploads\/2021\/11\/IMG_20211020_174535-1024x799.jpg 1024w, https:\/\/bursa3radom.pl\/wp-content\/uploads\/2021\/11\/IMG_20211020_174535-300x234.jpg 300w, https:\/\/bursa3radom.pl\/wp-content\/uploads\/2021\/11\/IMG_20211020_174535-768x599.jpg 768w\" sizes=\"auto, (max-width: 1024px) 100vw, 1024px\" \/><\/a><\/figure>\n\n\n\n<figure class=\"wp-block-image\"><a href=\"http:\/\/bursa3radom.pl\/wp-content\/uploads\/2021\/11\/IMG_20211026_170520.jpg\"><img loading=\"lazy\" decoding=\"async\" width=\"1024\" height=\"1024\" data-id=\"3712\" src=\"http:\/\/bursa3radom.pl\/wp-content\/uploads\/2021\/11\/IMG_20211026_170520-1024x1024.jpg\" alt=\"\" class=\"wp-image-3712\" srcset=\"https:\/\/bursa3radom.pl\/wp-content\/uploads\/2021\/11\/IMG_20211026_170520-1024x1024.jpg 1024w, https:\/\/bursa3radom.pl\/wp-content\/uploads\/2021\/11\/IMG_20211026_170520-150x150.jpg 150w, https:\/\/bursa3radom.pl\/wp-content\/uploads\/2021\/11\/IMG_20211026_170520-300x300.jpg 300w, https:\/\/bursa3radom.pl\/wp-content\/uploads\/2021\/11\/IMG_20211026_170520-768x768.jpg 768w\" sizes=\"auto, (max-width: 1024px) 100vw, 1024px\" \/><\/a><\/figure>\n<\/figure>\n\n\n\n<p>Przed 1 listopada wychowankowie zapalili znicze i postawili wazon z kwiatami, dla podtrzymania pami\u0119ci o pomordowanych Polakach.  <\/p>\n\n\n\n<figure class=\"wp-block-gallery has-nested-images columns-default is-cropped wp-block-gallery-2 is-layout-flex wp-block-gallery-is-layout-flex\">\n<figure class=\"wp-block-image\"><a href=\"http:\/\/bursa3radom.pl\/?attachment_id=3697\"><img loading=\"lazy\" decoding=\"async\" width=\"881\" height=\"1024\" data-id=\"3697\" src=\"http:\/\/bursa3radom.pl\/wp-content\/uploads\/2021\/11\/IMG_2827-881x1024.jpg\" alt=\"\" class=\"wp-image-3697\" srcset=\"https:\/\/bursa3radom.pl\/wp-content\/uploads\/2021\/11\/IMG_2827-881x1024.jpg 881w, https:\/\/bursa3radom.pl\/wp-content\/uploads\/2021\/11\/IMG_2827-258x300.jpg 258w, https:\/\/bursa3radom.pl\/wp-content\/uploads\/2021\/11\/IMG_2827-768x893.jpg 768w\" sizes=\"auto, (max-width: 881px) 100vw, 881px\" \/><\/a><\/figure>\n\n\n\n<figure class=\"wp-block-image\"><a href=\"http:\/\/bursa3radom.pl\/?attachment_id=3698\"><img loading=\"lazy\" decoding=\"async\" width=\"1024\" height=\"833\" data-id=\"3698\" src=\"http:\/\/bursa3radom.pl\/wp-content\/uploads\/2021\/11\/IMG_2825-1024x833.jpg\" alt=\"\" class=\"wp-image-3698\" srcset=\"https:\/\/bursa3radom.pl\/wp-content\/uploads\/2021\/11\/IMG_2825-1024x833.jpg 1024w, https:\/\/bursa3radom.pl\/wp-content\/uploads\/2021\/11\/IMG_2825-300x244.jpg 300w, https:\/\/bursa3radom.pl\/wp-content\/uploads\/2021\/11\/IMG_2825-768x625.jpg 768w\" sizes=\"auto, (max-width: 1024px) 100vw, 1024px\" \/><\/a><\/figure>\n\n\n\n<figure class=\"wp-block-image\"><a href=\"http:\/\/bursa3radom.pl\/?attachment_id=3699\"><img loading=\"lazy\" decoding=\"async\" width=\"1024\" height=\"917\" data-id=\"3699\" src=\"http:\/\/bursa3radom.pl\/wp-content\/uploads\/2021\/11\/IMG_2824-1024x917.jpg\" alt=\"\" class=\"wp-image-3699\" srcset=\"https:\/\/bursa3radom.pl\/wp-content\/uploads\/2021\/11\/IMG_2824-1024x917.jpg 1024w, https:\/\/bursa3radom.pl\/wp-content\/uploads\/2021\/11\/IMG_2824-300x269.jpg 300w, https:\/\/bursa3radom.pl\/wp-content\/uploads\/2021\/11\/IMG_2824-768x688.jpg 768w\" sizes=\"auto, (max-width: 1024px) 100vw, 1024px\" \/><\/a><\/figure>\n<\/figure>\n\n\n\n<p>Pomnikiem w listopadzie opiekuje si\u0119 grupa II. Opr\u00f3cz grabienia opad\u0142ych li\u015bci, wychowankowie przygotowali patriotyczn\u0105 wi\u0105zank\u0119 i ustawili nowe znicze. Zasadzili r\u00f3wnie\u017c nowe wrzosy, gdy\u017c poprzednie zosta\u0142y wyrwane \ud83d\ude41 <\/p>\n\n\n\n<figure class=\"wp-block-gallery has-nested-images columns-default is-cropped wp-block-gallery-3 is-layout-flex wp-block-gallery-is-layout-flex\">\n<figure class=\"wp-block-image\"><a href=\"http:\/\/bursa3radom.pl\/?attachment_id=3722\"><img loading=\"lazy\" decoding=\"async\" width=\"480\" height=\"640\" data-id=\"3722\" src=\"http:\/\/bursa3radom.pl\/wp-content\/uploads\/2021\/11\/4482204841477376942.jpg\" alt=\"\" class=\"wp-image-3722\" srcset=\"https:\/\/bursa3radom.pl\/wp-content\/uploads\/2021\/11\/4482204841477376942.jpg 480w, https:\/\/bursa3radom.pl\/wp-content\/uploads\/2021\/11\/4482204841477376942-225x300.jpg 225w\" sizes=\"auto, (max-width: 480px) 100vw, 480px\" \/><\/a><\/figure>\n<\/figure>\n","protected":false},"excerpt":{"rendered":"<p>Chlub\u0105 naszej Bursy jest troska o pami\u0119\u0107 o Tych, kt\u00f3rzy zgin\u0119li walcz\u0105c o nasz\u0105 ojczyzn\u0119. W pa\u017adzierniku pomnikiem opiekowa\u0142a si\u0119 grupa I pod kierunkiem wychowawc\u00f3w &#8211; pani Marty Nowak i pani Miros\u0142awy Marlicy. Ch\u0142opcy regularnie grabili li\u015bcie i sprz\u0105tali okolice pomnika. Zasadzili r\u00f3wnie\u017c nowe kwiaty w gazonach &#8211; wrzosy i chryzantemy. Przed 1 listopada wychowankowie zapalili znicze i postawili wazon z kwiatami, dla podtrzymania pami\u0119ci o pomordowanych Polakach. Pomnikiem w&#8230;<\/p>\n","protected":false},"author":1,"featured_media":3698,"comment_status":"closed","ping_status":"closed","sticky":false,"template":"","format":"standard","meta":{"footnotes":""},"categories":[1],"tags":[],"class_list":["post-3675","post","type-post","status-publish","format-standard","has-post-thumbnail","hentry","category-uncategorized"],"_links":{"self":[{"href":"https:\/\/bursa3radom.pl\/index.php?rest_route=\/wp\/v2\/posts\/3675","targetHints":{"allow":["GET"]}}],"collection":[{"href":"https:\/\/bursa3radom.pl\/index.php?rest_route=\/wp\/v2\/posts"}],"about":[{"href":"https:\/\/bursa3radom.pl\/index.php?rest_route=\/wp\/v2\/types\/post"}],"author":[{"embeddable":true,"href":"https:\/\/bursa3radom.pl\/index.php?rest_route=\/wp\/v2\/users\/1"}],"replies":[{"embeddable":true,"href":"https:\/\/bursa3radom.pl\/index.php?rest_route=%2Fwp%2Fv2%2Fcomments&post=3675"}],"version-history":[{"count":9,"href":"https:\/\/bursa3radom.pl\/index.php?rest_route=\/wp\/v2\/posts\/3675\/revisions"}],"predecessor-version":[{"id":3953,"href":"https:\/\/bursa3radom.pl\/index.php?rest_route=\/wp\/v2\/posts\/3675\/revisions\/3953"}],"wp:featuredmedia":[{"embeddable":true,"href":"https:\/\/bursa3radom.pl\/index.php?rest_route=\/wp\/v2\/media\/3698"}],"wp:attachment":[{"href":"https:\/\/bursa3radom.pl\/index.php?rest_route=%2Fwp%2Fv2%2Fmedia&parent=3675"}],"wp:term":[{"taxonomy":"category","embeddable":true,"href":"https:\/\/bursa3radom.pl\/index.php?rest_route=%2Fwp%2Fv2%2Fcategories&post=3675"},{"taxonomy":"post_tag","embeddable":true,"href":"https:\/\/bursa3radom.pl\/index.php?rest_route=%2Fwp%2Fv2%2Ftags&post=3675"}],"curies":[{"name":"wp","href":"https:\/\/api.w.org\/{rel}","templated":true}]}}