{"id":3594,"date":"2021-08-26T10:49:58","date_gmt":"2021-08-26T10:49:58","guid":{"rendered":"http:\/\/bursa3radom.pl\/?p=3594"},"modified":"2022-09-27T19:27:51","modified_gmt":"2022-09-27T19:27:51","slug":"kwaterowanie-wazne-informacje","status":"publish","type":"post","link":"https:\/\/bursa3radom.pl\/?p=3594","title":{"rendered":"Kwaterowanie wa\u017cne informacje"},"content":{"rendered":"\n<p class=\"has-text-align-center\"><strong>Kwaterowanie m\u0142odzie\u017cy do grup odb\u0119dzie si\u0119 <\/strong><br><strong>w dniu 31.08.2022 r. w godzinach 16.00-20.00.<\/strong><\/p>\n\n\n\n<p>Nowoprzyj\u0119ci wychowankowie zg\u0142aszaj\u0105 si\u0119 z rodzicem\/opiekunem w godzinach 16.00-18.00.<\/p>\n\n\n\n<p>W przypadku opiekuna prawnego nale\u017cy mie\u0107 dokument potwierdzaj\u0105cy ten fakt.   <\/p>\n\n\n\n<p>Wychowankowie kontynuuj\u0105cy zamieszkanie zg\u0142aszaj\u0105 si\u0119 w godzinach 18.00-20.00. <\/p>\n\n\n\n<p>W indywidualnych przypadkach mo\u017cliwe jest kwaterowanie w innym terminie,  ale fakt ten musi zosta\u0107 wcze\u015bniej zg\u0142oszony do wychowawcy. <\/p>\n\n\n\n<p><strong>Je\u017celi ucze\u0144 nie zg\u0142osi si\u0119 w dniu zakwaterowania i nie zg\u0142osi tego faktu wcze\u015bniej traci miejsce, a w jego miejsce przyj\u0119te zostan\u0105 osoby z listy rezerwowej. <\/strong><\/p>\n\n\n\n<p>Nowoprzyj\u0119ci wychowankowie proszeni s\u0105 o pobranie i czytelne wype\u0142nienie dokument\u00f3w wymaganych przy zakwaterowaniu, co u\u0142atwi i usprawni ten proces. <\/p>\n\n\n\n<p>Wychowankowie pe\u0142noletni kontynuuj\u0105cy zamieszkanie mog\u0105 zg\u0142osi\u0107 si\u0119 bez rodzica, w tym przypadku nale\u017cy posiada\u0107 wype\u0142nione i podpisane zobowi\u0105zanie do odpowiedzialno\u015bci za mienie i do p\u0142atno\u015bci. Wszystkie dokumenty s\u0105 dost\u0119pne w zak\u0142adce Dokumenty przy zakwaterowaniu <a href=\"http:\/\/bursa3radom.pl\/?page_id=1720\">http:\/\/bursa3radom.pl\/?page_id=1720<\/a><\/p>\n\n\n\n<p>Nale\u017cy zaopatrzy\u0107 si\u0119 w rzeczy umieszczone w niezb\u0119dniku wychowanka:<\/p>\n\n\n\n<div class=\"wp-block-file\"><a id=\"wp-block-file--media-277e06a1-27ad-4e9f-bb9b-a5af77075f10\" href=\"http:\/\/bursa3radom.pl\/wp-content\/uploads\/2021\/08\/Niezbednik-skonwertowany.pdf\">Niezbednik wychowanka<\/a><a href=\"http:\/\/bursa3radom.pl\/wp-content\/uploads\/2021\/08\/Niezbednik-skonwertowany.pdf\" class=\"wp-block-file__button\" download aria-describedby=\"wp-block-file--media-277e06a1-27ad-4e9f-bb9b-a5af77075f10\">Pobierz<\/a><\/div>\n\n\n\n<p>Prosz\u0119 zapozna\u0107 si\u0119 z umieszczonymi w sekcji Dokumenty regulaminem op\u0142at oraz Statutem Bursy. <\/p>\n\n\n\n<p><\/p>\n","protected":false},"excerpt":{"rendered":"<p>Kwaterowanie m\u0142odzie\u017cy do grup odb\u0119dzie si\u0119 w dniu 31.08.2022 r. w godzinach 16.00-20.00. Nowoprzyj\u0119ci wychowankowie zg\u0142aszaj\u0105 si\u0119 z rodzicem\/opiekunem w godzinach 16.00-18.00. W przypadku opiekuna prawnego nale\u017cy mie\u0107 dokument potwierdzaj\u0105cy ten fakt. Wychowankowie kontynuuj\u0105cy zamieszkanie zg\u0142aszaj\u0105 si\u0119 w godzinach 18.00-20.00. W indywidualnych przypadkach mo\u017cliwe jest kwaterowanie w innym terminie, ale fakt ten musi zosta\u0107 wcze\u015bniej zg\u0142oszony do wychowawcy. Je\u017celi ucze\u0144 nie zg\u0142osi si\u0119 w dniu zakwaterowania i nie zg\u0142osi tego&#8230;<\/p>\n","protected":false},"author":1,"featured_media":0,"comment_status":"closed","ping_status":"closed","sticky":false,"template":"","format":"standard","meta":{"footnotes":""},"categories":[1],"tags":[],"class_list":["post-3594","post","type-post","status-publish","format-standard","hentry","category-uncategorized"],"_links":{"self":[{"href":"https:\/\/bursa3radom.pl\/index.php?rest_route=\/wp\/v2\/posts\/3594","targetHints":{"allow":["GET"]}}],"collection":[{"href":"https:\/\/bursa3radom.pl\/index.php?rest_route=\/wp\/v2\/posts"}],"about":[{"href":"https:\/\/bursa3radom.pl\/index.php?rest_route=\/wp\/v2\/types\/post"}],"author":[{"embeddable":true,"href":"https:\/\/bursa3radom.pl\/index.php?rest_route=\/wp\/v2\/users\/1"}],"replies":[{"embeddable":true,"href":"https:\/\/bursa3radom.pl\/index.php?rest_route=%2Fwp%2Fv2%2Fcomments&post=3594"}],"version-history":[{"count":13,"href":"https:\/\/bursa3radom.pl\/index.php?rest_route=\/wp\/v2\/posts\/3594\/revisions"}],"predecessor-version":[{"id":4502,"href":"https:\/\/bursa3radom.pl\/index.php?rest_route=\/wp\/v2\/posts\/3594\/revisions\/4502"}],"wp:attachment":[{"href":"https:\/\/bursa3radom.pl\/index.php?rest_route=%2Fwp%2Fv2%2Fmedia&parent=3594"}],"wp:term":[{"taxonomy":"category","embeddable":true,"href":"https:\/\/bursa3radom.pl\/index.php?rest_route=%2Fwp%2Fv2%2Fcategories&post=3594"},{"taxonomy":"post_tag","embeddable":true,"href":"https:\/\/bursa3radom.pl\/index.php?rest_route=%2Fwp%2Fv2%2Ftags&post=3594"}],"curies":[{"name":"wp","href":"https:\/\/api.w.org\/{rel}","templated":true}]}}