{"id":3500,"date":"2021-05-16T20:16:35","date_gmt":"2021-05-16T20:16:35","guid":{"rendered":"http:\/\/bursa3radom.pl\/?p=3500"},"modified":"2021-05-18T16:17:03","modified_gmt":"2021-05-18T16:17:03","slug":"18-maja-miedzynarodowy-dzien-muzeow","status":"publish","type":"post","link":"https:\/\/bursa3radom.pl\/?p=3500","title":{"rendered":"18 maja &#8211; Mi\u0119dzynarodowy Dzie\u0144 Muze\u00f3w"},"content":{"rendered":"\n<div class=\"wp-block-image\"><figure class=\"aligncenter\"><img decoding=\"async\" src=\"https:\/\/gra.fm\/pliki\/2020\/05\/dzie%C5%84-muzeum.jpg\" alt=\"\"\/><\/figure><\/div>\n\n\n\n<p>Mi\u0119dzynarodowy\nDzie\u0144 Muze\u00f3w zosta\u0142 ustanowiony w Moskwie 28 maja 1977 roku przez\nMi\u0119dzynarodow\u0105 Rad\u0119 Muze\u00f3w dzia\u0142aj\u0105c\u0105 przy UNESCO. Data \u015bwi\u0119ta to 18 maja.<br>\nW tym dniu, w muzeach organizowane s\u0105 wydarzenia artystyczne, ciekawe wystawy,\nspotkania z artystami. Celem obchod\u00f3w jest ukazanie roli i podkre\u015blenie\nwarto\u015bci muze\u00f3w w rozwoju spo\u0142ecze\u0144stwa, a tak\u017ce zach\u0119canie do wspierania\nmuzealnictwa.<\/p>\n\n\n\n<p>Od\n1997 roku pod patronatem Rady Europy organizowana jest Noc Muze\u00f3w.&nbsp;&nbsp; <br>\nW wybranym dniu muzea, galerie sztuki i instytucje kulturalne otwarte s\u0105 do\np\u00f3\u017anych godzin nocnych. Organizatorzy inicjuj\u0105 wiele wydarze\u0144, warsztat\u00f3w\nartystycznych, spotka\u0144 oraz innych atrakcji, kt\u00f3re zach\u0119caj\u0105 do wzi\u0119cia udzia\u0142u\nw \u201eNocy Muze\u00f3w\u201d. Wi\u0119kszo\u015b\u0107 plac\u00f3wek kulturalnych w tym czasie nie pobiera\n\u017cadnych op\u0142at za wej\u015bcie. W tym dniu i w nocy warto wybra\u0107 si\u0119 do muze\u00f3w,\ngalerii sztuki i innych instytucji kulturalnych, w celu uczestniczenia w\nniepowtarzalnych spotkaniach ze sztuk\u0105. A muzea o nocnej porze nabieraj\u0105\nniezwykle tajemniczego uroku\u2026<\/p>\n\n\n\n<hr class=\"wp-block-separator\"\/>\n\n\n\n<p>MZ<\/p>\n","protected":false},"excerpt":{"rendered":"<p>Mi\u0119dzynarodowy Dzie\u0144 Muze\u00f3w zosta\u0142 ustanowiony w Moskwie 28 maja 1977 roku przez Mi\u0119dzynarodow\u0105 Rad\u0119 Muze\u00f3w dzia\u0142aj\u0105c\u0105 przy UNESCO. Data \u015bwi\u0119ta to 18 maja. W tym dniu, w muzeach organizowane s\u0105 wydarzenia artystyczne, ciekawe wystawy, spotkania z artystami. Celem obchod\u00f3w jest ukazanie roli i podkre\u015blenie warto\u015bci muze\u00f3w w rozwoju spo\u0142ecze\u0144stwa, a tak\u017ce zach\u0119canie do wspierania muzealnictwa. Od 1997 roku pod patronatem Rady Europy organizowana jest Noc Muze\u00f3w.&nbsp;&nbsp; W wybranym dniu muzea,&#8230;<\/p>\n","protected":false},"author":2,"featured_media":0,"comment_status":"closed","ping_status":"closed","sticky":false,"template":"","format":"standard","meta":{"footnotes":""},"categories":[1],"tags":[4],"class_list":["post-3500","post","type-post","status-publish","format-standard","hentry","category-uncategorized","tag-mz"],"_links":{"self":[{"href":"https:\/\/bursa3radom.pl\/index.php?rest_route=\/wp\/v2\/posts\/3500","targetHints":{"allow":["GET"]}}],"collection":[{"href":"https:\/\/bursa3radom.pl\/index.php?rest_route=\/wp\/v2\/posts"}],"about":[{"href":"https:\/\/bursa3radom.pl\/index.php?rest_route=\/wp\/v2\/types\/post"}],"author":[{"embeddable":true,"href":"https:\/\/bursa3radom.pl\/index.php?rest_route=\/wp\/v2\/users\/2"}],"replies":[{"embeddable":true,"href":"https:\/\/bursa3radom.pl\/index.php?rest_route=%2Fwp%2Fv2%2Fcomments&post=3500"}],"version-history":[{"count":2,"href":"https:\/\/bursa3radom.pl\/index.php?rest_route=\/wp\/v2\/posts\/3500\/revisions"}],"predecessor-version":[{"id":3502,"href":"https:\/\/bursa3radom.pl\/index.php?rest_route=\/wp\/v2\/posts\/3500\/revisions\/3502"}],"wp:attachment":[{"href":"https:\/\/bursa3radom.pl\/index.php?rest_route=%2Fwp%2Fv2%2Fmedia&parent=3500"}],"wp:term":[{"taxonomy":"category","embeddable":true,"href":"https:\/\/bursa3radom.pl\/index.php?rest_route=%2Fwp%2Fv2%2Fcategories&post=3500"},{"taxonomy":"post_tag","embeddable":true,"href":"https:\/\/bursa3radom.pl\/index.php?rest_route=%2Fwp%2Fv2%2Ftags&post=3500"}],"curies":[{"name":"wp","href":"https:\/\/api.w.org\/{rel}","templated":true}]}}