{"id":3495,"date":"2021-05-08T07:07:12","date_gmt":"2021-05-08T07:07:12","guid":{"rendered":"http:\/\/bursa3radom.pl\/?p=3495"},"modified":"2021-05-19T16:04:36","modified_gmt":"2021-05-19T16:04:36","slug":"dzien-bibliotekarza","status":"publish","type":"post","link":"https:\/\/bursa3radom.pl\/?p=3495","title":{"rendered":"Dzie\u0144 Bibliotekarza"},"content":{"rendered":"\n<figure class=\"wp-block-image\"><img loading=\"lazy\" decoding=\"async\" width=\"853\" height=\"646\" src=\"http:\/\/bursa3radom.pl\/wp-content\/uploads\/2021\/05\/Screenshot_20210508_090320_com.google.android.apps_.docs_.editors.docs2_.jpg\" alt=\"\" class=\"wp-image-3496\" srcset=\"https:\/\/bursa3radom.pl\/wp-content\/uploads\/2021\/05\/Screenshot_20210508_090320_com.google.android.apps_.docs_.editors.docs2_.jpg 853w, https:\/\/bursa3radom.pl\/wp-content\/uploads\/2021\/05\/Screenshot_20210508_090320_com.google.android.apps_.docs_.editors.docs2_-300x227.jpg 300w, https:\/\/bursa3radom.pl\/wp-content\/uploads\/2021\/05\/Screenshot_20210508_090320_com.google.android.apps_.docs_.editors.docs2_-768x582.jpg 768w, https:\/\/bursa3radom.pl\/wp-content\/uploads\/2021\/05\/Screenshot_20210508_090320_com.google.android.apps_.docs_.editors.docs2_-100x75.jpg 100w\" sizes=\"auto, (max-width: 853px) 100vw, 853px\" \/><\/figure>\n\n\n\n<blockquote class=\"wp-block-quote is-layout-flow wp-block-quote-is-layout-flow\"><p><\/p><cite><strong>\u201eBiblioteka jest instytucj\u0105, kt\u00f3ra ca\u0142ym swoim istnieniem<\/strong><br><strong>&nbsp;\u015awiadczy o rozwoju kultury.&nbsp; Jest ona bowiem&nbsp;<\/strong><br><strong>skarbnic\u0105 pi\u015bmiennictwa, przez kt\u00f3re cz\u0142owiek<\/strong><br><strong>&nbsp;wyra\u017ca sw\u00f3j zamys\u0142 tw\u00f3rczy\u201d<\/strong><br> &nbsp;&nbsp;&nbsp; Jan Pawe\u0142 II<br><\/cite><\/blockquote>\n\n\n\n<p><strong>8 maja 2021 r.<\/strong> po raz 36 obchodzimy Dzie\u0144 Bibliotekarza i&nbsp;Bibliotek.&nbsp;<\/p>\n\n\n\n<p>Dzie\u0144 ten inauguruje jednocze\u015bnie XVII Og\u00f3lnopolski Tydzie\u0144 Bibliotek trwaj\u0105cy od 8 do 15 maja, w&nbsp;tym roku pod has\u0142em :<\/p>\n\n\n\n<p>&nbsp;&nbsp;&nbsp;&nbsp;&nbsp;&nbsp;&nbsp;&nbsp;&nbsp;&nbsp;&nbsp;&nbsp;&nbsp;&nbsp;&nbsp;&nbsp;&nbsp;&nbsp;&#8221; <strong>Zasmakuj w&nbsp;Bibliotece&#8221;.<\/strong><\/p>\n\n\n\n<p>&nbsp;&nbsp;&nbsp;&nbsp;&nbsp;&nbsp;&nbsp;&nbsp;&nbsp;&nbsp;&nbsp;Dzie\u0144 ten s\u0142u\u017cy popularyzacji czytelnictwa i&nbsp;bibliotek w&nbsp;spo\u0142ecze\u0144stwie oraz&nbsp;stwarza okazj\u0119 do&nbsp;refleksji nad&nbsp;&nbsp;potrzebami i osi\u0105gni\u0119ciami biblioteki bowiem ludzie pracuj\u0105cy w niej pe\u0142ni\u0105 spo\u0142ecznie wa\u017cn\u0105 rol\u0119 zwi\u0105zan\u0105 z&nbsp;krzewieniem kultury, zw\u0142aszcza kultury s\u0142owa.<\/p>\n\n\n\n<hr class=\"wp-block-separator\"\/>\n\n\n\n<p>MS<\/p>\n","protected":false},"excerpt":{"rendered":"<p>\u201eBiblioteka jest instytucj\u0105, kt\u00f3ra ca\u0142ym swoim istnieniem&nbsp;\u015awiadczy o rozwoju kultury.&nbsp; Jest ona bowiem&nbsp;skarbnic\u0105 pi\u015bmiennictwa, przez kt\u00f3re cz\u0142owiek&nbsp;wyra\u017ca sw\u00f3j zamys\u0142 tw\u00f3rczy\u201d &nbsp;&nbsp;&nbsp; Jan Pawe\u0142 II 8 maja 2021 r. po raz 36 obchodzimy Dzie\u0144 Bibliotekarza i&nbsp;Bibliotek.&nbsp; Dzie\u0144 ten inauguruje jednocze\u015bnie XVII Og\u00f3lnopolski Tydzie\u0144 Bibliotek trwaj\u0105cy od 8 do 15 maja, w&nbsp;tym roku pod has\u0142em : &nbsp;&nbsp;&nbsp;&nbsp;&nbsp;&nbsp;&nbsp;&nbsp;&nbsp;&nbsp;&nbsp;&nbsp;&nbsp;&nbsp;&nbsp;&nbsp;&nbsp;&nbsp;&#8221; Zasmakuj w&nbsp;Bibliotece&#8221;. &nbsp;&nbsp;&nbsp;&nbsp;&nbsp;&nbsp;&nbsp;&nbsp;&nbsp;&nbsp;&nbsp;Dzie\u0144 ten s\u0142u\u017cy popularyzacji czytelnictwa i&nbsp;bibliotek w&nbsp;spo\u0142ecze\u0144stwie oraz&nbsp;stwarza okazj\u0119 do&nbsp;refleksji nad&nbsp;&nbsp;potrzebami i osi\u0105gni\u0119ciami&#8230;<\/p>\n","protected":false},"author":1,"featured_media":0,"comment_status":"closed","ping_status":"closed","sticky":false,"template":"","format":"standard","meta":{"footnotes":""},"categories":[1],"tags":[5],"class_list":["post-3495","post","type-post","status-publish","format-standard","hentry","category-uncategorized","tag-ms"],"_links":{"self":[{"href":"https:\/\/bursa3radom.pl\/index.php?rest_route=\/wp\/v2\/posts\/3495","targetHints":{"allow":["GET"]}}],"collection":[{"href":"https:\/\/bursa3radom.pl\/index.php?rest_route=\/wp\/v2\/posts"}],"about":[{"href":"https:\/\/bursa3radom.pl\/index.php?rest_route=\/wp\/v2\/types\/post"}],"author":[{"embeddable":true,"href":"https:\/\/bursa3radom.pl\/index.php?rest_route=\/wp\/v2\/users\/1"}],"replies":[{"embeddable":true,"href":"https:\/\/bursa3radom.pl\/index.php?rest_route=%2Fwp%2Fv2%2Fcomments&post=3495"}],"version-history":[{"count":2,"href":"https:\/\/bursa3radom.pl\/index.php?rest_route=\/wp\/v2\/posts\/3495\/revisions"}],"predecessor-version":[{"id":3503,"href":"https:\/\/bursa3radom.pl\/index.php?rest_route=\/wp\/v2\/posts\/3495\/revisions\/3503"}],"wp:attachment":[{"href":"https:\/\/bursa3radom.pl\/index.php?rest_route=%2Fwp%2Fv2%2Fmedia&parent=3495"}],"wp:term":[{"taxonomy":"category","embeddable":true,"href":"https:\/\/bursa3radom.pl\/index.php?rest_route=%2Fwp%2Fv2%2Fcategories&post=3495"},{"taxonomy":"post_tag","embeddable":true,"href":"https:\/\/bursa3radom.pl\/index.php?rest_route=%2Fwp%2Fv2%2Ftags&post=3495"}],"curies":[{"name":"wp","href":"https:\/\/api.w.org\/{rel}","templated":true}]}}