{"id":3492,"date":"2021-05-04T11:40:25","date_gmt":"2021-05-04T11:40:25","guid":{"rendered":"http:\/\/bursa3radom.pl\/?p=3492"},"modified":"2021-08-23T08:23:57","modified_gmt":"2021-08-23T08:23:57","slug":"ogolne-zasady-czyli-kto-i-kiedy-wraca-do-nauki-stacjonarnej","status":"publish","type":"post","link":"https:\/\/bursa3radom.pl\/?p=3492","title":{"rendered":"Og\u00f3lne zasady, czyli kto i kiedy wraca do nauki stacjonarnej"},"content":{"rendered":"\n<p>Zgodnie z harmonogramem powrotu uczni\u00f3w do stacjonarnej nauki w szko\u0142ach i plac\u00f3wkach wydanym w w dniu 30.04.2021 r.:<\/p>\n\n\n\n<ul class=\"wp-block-list\"><li>Od 4 maja br. uczniowie klas I-III szk\u00f3\u0142 podstawowych na terenie ca\u0142ego kraju wracaj\u0105 &nbsp;do nauki stacjonarnej w szkole.&nbsp;<\/li><\/ul>\n\n\n\n<p>Uwaga! Dzia\u0142alno\u015b\u0107 pozosta\u0142ych szk\u00f3\u0142 i plac\u00f3wek do 16 maja br. pozostaje bez zmian (kszta\u0142cenie na odleg\u0142o\u015b\u0107), w tym r\u00f3wnie\u017c w zakresie praktycznej nauki zawodu.<\/p>\n\n\n\n<ul class=\"wp-block-list\"><li><strong>Od 17 maja br. uczniowie klas IV-VIII szk\u00f3\u0142 podstawowych, szk\u00f3\u0142 ponadpodstawowych, plac\u00f3wek kszta\u0142cenia ustawicznego i centr\u00f3w kszta\u0142cenia zawodowego przechodz\u0105 na nauk\u0119 w tzw. systemie hybrydowym (50 proc.\/50 proc.).&nbsp;<\/strong><\/li><li><strong>Od 31 maja br. wszyscy uczniowie i s\u0142uchacze ucz\u0105 si\u0119 ju\u017c stacjonarnie w szko\u0142ach i plac\u00f3wkach.<\/strong><\/li><\/ul>\n\n\n\n<p>W zwi\u0105zku z mo\u017cliwo\u015bci\u0105 odbywania nauki stacjonarnie, wychowankowie bursy mog\u0105 mieszka\u0107 w plac\u00f3wce. <br>Prosimy o kontakt telefoniczny przed planowanym przyjazdem. <\/p>\n\n\n\n<hr class=\"wp-block-separator\"\/>\n\n\n\n<p>KT<\/p>\n","protected":false},"excerpt":{"rendered":"<p>Zgodnie z harmonogramem powrotu uczni\u00f3w do stacjonarnej nauki w szko\u0142ach i plac\u00f3wkach wydanym w w dniu 30.04.2021 r.: Od 4 maja br. uczniowie klas I-III szk\u00f3\u0142 podstawowych na terenie ca\u0142ego kraju wracaj\u0105 &nbsp;do nauki stacjonarnej w szkole.&nbsp; Uwaga! Dzia\u0142alno\u015b\u0107 pozosta\u0142ych szk\u00f3\u0142 i plac\u00f3wek do 16 maja br. pozostaje bez zmian (kszta\u0142cenie na odleg\u0142o\u015b\u0107), w tym r\u00f3wnie\u017c w zakresie praktycznej nauki zawodu. Od 17 maja br. uczniowie klas IV-VIII szk\u00f3\u0142 podstawowych,&#8230;<\/p>\n","protected":false},"author":1,"featured_media":3493,"comment_status":"closed","ping_status":"closed","sticky":false,"template":"","format":"standard","meta":{"footnotes":""},"categories":[1],"tags":[6],"class_list":["post-3492","post","type-post","status-publish","format-standard","has-post-thumbnail","hentry","category-uncategorized","tag-kt"],"_links":{"self":[{"href":"https:\/\/bursa3radom.pl\/index.php?rest_route=\/wp\/v2\/posts\/3492","targetHints":{"allow":["GET"]}}],"collection":[{"href":"https:\/\/bursa3radom.pl\/index.php?rest_route=\/wp\/v2\/posts"}],"about":[{"href":"https:\/\/bursa3radom.pl\/index.php?rest_route=\/wp\/v2\/types\/post"}],"author":[{"embeddable":true,"href":"https:\/\/bursa3radom.pl\/index.php?rest_route=\/wp\/v2\/users\/1"}],"replies":[{"embeddable":true,"href":"https:\/\/bursa3radom.pl\/index.php?rest_route=%2Fwp%2Fv2%2Fcomments&post=3492"}],"version-history":[{"count":2,"href":"https:\/\/bursa3radom.pl\/index.php?rest_route=\/wp\/v2\/posts\/3492\/revisions"}],"predecessor-version":[{"id":3505,"href":"https:\/\/bursa3radom.pl\/index.php?rest_route=\/wp\/v2\/posts\/3492\/revisions\/3505"}],"wp:featuredmedia":[{"embeddable":true,"href":"https:\/\/bursa3radom.pl\/index.php?rest_route=\/wp\/v2\/media\/3493"}],"wp:attachment":[{"href":"https:\/\/bursa3radom.pl\/index.php?rest_route=%2Fwp%2Fv2%2Fmedia&parent=3492"}],"wp:term":[{"taxonomy":"category","embeddable":true,"href":"https:\/\/bursa3radom.pl\/index.php?rest_route=%2Fwp%2Fv2%2Fcategories&post=3492"},{"taxonomy":"post_tag","embeddable":true,"href":"https:\/\/bursa3radom.pl\/index.php?rest_route=%2Fwp%2Fv2%2Ftags&post=3492"}],"curies":[{"name":"wp","href":"https:\/\/api.w.org\/{rel}","templated":true}]}}