{"id":3484,"date":"2021-05-05T12:06:53","date_gmt":"2021-05-05T12:06:53","guid":{"rendered":"http:\/\/bursa3radom.pl\/?p=3484"},"modified":"2021-05-19T16:04:43","modified_gmt":"2021-05-19T16:04:43","slug":"5-maja-swiatowy-dzien-godnosci-osob-z-niepelnosprawnoscia-intelektualna","status":"publish","type":"post","link":"https:\/\/bursa3radom.pl\/?p=3484","title":{"rendered":"5 maja \u015awiatowy Dzie\u0144 Godno\u015bci                  Os\u00f3b z Niepe\u0142nosprawno\u015bci\u0105 Intelektualn\u0105"},"content":{"rendered":"\n<p><\/p>\n\n\n\n<div class=\"wp-block-image\"><figure class=\"aligncenter\"><img loading=\"lazy\" decoding=\"async\" width=\"293\" height=\"301\" src=\"http:\/\/bursa3radom.pl\/wp-content\/uploads\/2021\/05\/Bez-tytu\u0142u.png\" alt=\"\" class=\"wp-image-3485\" srcset=\"https:\/\/bursa3radom.pl\/wp-content\/uploads\/2021\/05\/Bez-tytu\u0142u.png 293w, https:\/\/bursa3radom.pl\/wp-content\/uploads\/2021\/05\/Bez-tytu\u0142u-292x300.png 292w\" sizes=\"auto, (max-width: 293px) 100vw, 293px\" \/><\/figure><\/div>\n\n\n\n<blockquote style=\"text-align:right\" class=\"wp-block-quote is-layout-flow wp-block-quote-is-layout-flow\"><p> <br><strong>My tak\u017ce chcemy wznosi\u0107 latawce<br>i tak jak zdrowi biega\u0107 pod wiatr.<br>Niesprawn\u0105 r\u0119k\u0105 zrywa\u0107 dmuchawce<br>i z kr\u00f3tsz\u0105 nog\u0105 poznawa\u0107 \u015bwiat.<br>Zr\u00f3bcie nam miejsce, nie patrzcie wrogo.<br>Niepe\u0142nosprawni i chc\u0105 i MOG\u0104<br>odkrywa\u0107 g\u00f3ry, zawiesza\u0107 s\u0142o\u0144ce<br>darowa\u0107 serca \u2013 czujesz? \u2013 gor\u0105ce!<br>Otw\u00f3rzcie okna po nocy <br>nie chcemy ci\u0105gle sta\u0107 w PRZEDSIONKU<br>\/autor nieznany\/<\/strong> <\/p><\/blockquote>\n\n\n\n<p><strong>Dzie\u0144 Godno\u015bci Os\u00f3b z Niepe\u0142nosprawno\u015bci\u0105 Intelektualn\u0105<\/strong> to \u015bwi\u0119to obchodzone&nbsp; co roku 5 maja, zapocz\u0105tkowane we Francji w latach 90-tych&nbsp; XX wieku.&nbsp;<\/p>\n\n\n\n<p>&nbsp;&nbsp;&nbsp;&nbsp;&nbsp;&nbsp;&nbsp;&nbsp;&nbsp;&nbsp;&nbsp;&nbsp;&nbsp;&nbsp;&nbsp;&nbsp;W Polsce Dzie\u0144 Godno\u015bci Os\u00f3b z Niepe\u0142nosprawno\u015bci\u0105 Intelektualn\u0105 zosta\u0142 ustanowiony w 1999 r. przez Polskie Stowarzyszenie na Rzecz &nbsp; &nbsp; &nbsp; &nbsp; &nbsp; &nbsp; &nbsp; &nbsp; &nbsp; &nbsp; Os\u00f3b z Upo\u015bledzeniem Umys\u0142owym.&nbsp;<\/p>\n\n\n\n<p><strong>Dzie\u0144 Godno\u015bci<\/strong> ma na celu \u0142amanie barier i stereotyp\u00f3w panuj\u0105cych w opinii publicznej na temat os\u00f3b niepe\u0142nosprawnych intelektualnie. Dzi\u0119ki obchodom tego dnia osoby z niepe\u0142nosprawno\u015bci\u0105 intelektualn\u0105 mog\u0105 zaprezentowa\u0107 swoje mo\u017cliwo\u015bci i umiej\u0119tno\u015bci.<\/p>\n\n\n\n<p><br><strong>5 maja<\/strong> jest r\u00f3wnie\u017c okazj\u0105 do podw\u00f3jnej refleksji o sytuacji os\u00f3b niepe\u0142nosprawnych. Opr\u00f3cz obchodzonego Dnia Godno\u015bci Os\u00f3b&nbsp; &nbsp; &nbsp; &nbsp; &nbsp; &nbsp; &nbsp; &nbsp; &nbsp; &nbsp; &nbsp; &nbsp; &nbsp; &nbsp; &nbsp; &nbsp; &nbsp; z Niepe\u0142nosprawno\u015bci\u0105 Intelektualn\u0105 jest to r\u00f3wnie\u017c Europejski Dzie\u0144 Walki&nbsp; &nbsp; &nbsp; &nbsp; &nbsp; &nbsp; &nbsp; z Dyskryminacj\u0105 Os\u00f3b Niepe\u0142nosprawnych.<br><\/p>\n\n\n\n<hr class=\"wp-block-separator\"\/>\n\n\n\n<p>MS<\/p>\n","protected":false},"excerpt":{"rendered":"<p>My tak\u017ce chcemy wznosi\u0107 latawcei tak jak zdrowi biega\u0107 pod wiatr.Niesprawn\u0105 r\u0119k\u0105 zrywa\u0107 dmuchawcei z kr\u00f3tsz\u0105 nog\u0105 poznawa\u0107 \u015bwiat.Zr\u00f3bcie nam miejsce, nie patrzcie wrogo.Niepe\u0142nosprawni i chc\u0105 i MOG\u0104odkrywa\u0107 g\u00f3ry, zawiesza\u0107 s\u0142o\u0144cedarowa\u0107 serca \u2013 czujesz? \u2013 gor\u0105ce!Otw\u00f3rzcie okna po nocy nie chcemy ci\u0105gle sta\u0107 w PRZEDSIONKU\/autor nieznany\/ Dzie\u0144 Godno\u015bci Os\u00f3b z Niepe\u0142nosprawno\u015bci\u0105 Intelektualn\u0105 to \u015bwi\u0119to obchodzone&nbsp; co roku 5 maja, zapocz\u0105tkowane we Francji w latach 90-tych&nbsp; XX wieku.&nbsp; &nbsp;&nbsp;&nbsp;&nbsp;&nbsp;&nbsp;&nbsp;&nbsp;&nbsp;&nbsp;&nbsp;&nbsp;&nbsp;&nbsp;&nbsp;&nbsp;W Polsce Dzie\u0144&#8230;<\/p>\n","protected":false},"author":1,"featured_media":0,"comment_status":"closed","ping_status":"closed","sticky":false,"template":"","format":"standard","meta":{"footnotes":""},"categories":[1],"tags":[5],"class_list":["post-3484","post","type-post","status-publish","format-standard","hentry","category-uncategorized","tag-ms"],"_links":{"self":[{"href":"https:\/\/bursa3radom.pl\/index.php?rest_route=\/wp\/v2\/posts\/3484","targetHints":{"allow":["GET"]}}],"collection":[{"href":"https:\/\/bursa3radom.pl\/index.php?rest_route=\/wp\/v2\/posts"}],"about":[{"href":"https:\/\/bursa3radom.pl\/index.php?rest_route=\/wp\/v2\/types\/post"}],"author":[{"embeddable":true,"href":"https:\/\/bursa3radom.pl\/index.php?rest_route=\/wp\/v2\/users\/1"}],"replies":[{"embeddable":true,"href":"https:\/\/bursa3radom.pl\/index.php?rest_route=%2Fwp%2Fv2%2Fcomments&post=3484"}],"version-history":[{"count":2,"href":"https:\/\/bursa3radom.pl\/index.php?rest_route=\/wp\/v2\/posts\/3484\/revisions"}],"predecessor-version":[{"id":3504,"href":"https:\/\/bursa3radom.pl\/index.php?rest_route=\/wp\/v2\/posts\/3484\/revisions\/3504"}],"wp:attachment":[{"href":"https:\/\/bursa3radom.pl\/index.php?rest_route=%2Fwp%2Fv2%2Fmedia&parent=3484"}],"wp:term":[{"taxonomy":"category","embeddable":true,"href":"https:\/\/bursa3radom.pl\/index.php?rest_route=%2Fwp%2Fv2%2Fcategories&post=3484"},{"taxonomy":"post_tag","embeddable":true,"href":"https:\/\/bursa3radom.pl\/index.php?rest_route=%2Fwp%2Fv2%2Ftags&post=3484"}],"curies":[{"name":"wp","href":"https:\/\/api.w.org\/{rel}","templated":true}]}}