{"id":3464,"date":"2021-04-26T09:27:42","date_gmt":"2021-04-26T09:27:42","guid":{"rendered":"http:\/\/bursa3radom.pl\/?p=3464"},"modified":"2021-05-19T16:05:24","modified_gmt":"2021-05-19T16:05:24","slug":"swiatowy-dzien-wlasnosci-intelektualnej","status":"publish","type":"post","link":"https:\/\/bursa3radom.pl\/?p=3464","title":{"rendered":"\u015awiatowy Dzie\u0144 W\u0142asno\u015bci Intelektualnej"},"content":{"rendered":"\n<figure class=\"wp-block-image\"><a href=\"https:\/\/bimkal.pl\/holiday\/swiatowy-dzien-wlasnosci-intelektualnej.jpg\"><img decoding=\"async\" src=\"https:\/\/bimkal.pl\/holiday\/swiatowy-dzien-wlasnosci-intelektualnej.jpg\" alt=\"Has\u0142o \u015awiatowy dzie\u0144 W\u0142asno\u015bci intelektualnej na kolorowym tle\"\/><\/a><\/figure>\n\n\n\n<p>26 kwietnia obchodzimy \u015awiatowy Dzie\u0144 W\u0142asno\u015bci Intelektualnej,\nang. World&nbsp; Intellectual Property Day \u2013\n\u015bwi\u0119to ustanowione przez&nbsp; \u015awiatow\u0105\nOrganizacj\u0119 W\u0142asno\u015bci Intelektualnej. Dzie\u0144 ten&nbsp;\nustanowiono w 2000 roku, a wybrano go na pami\u0105tk\u0119 wej\u015bcia w \u017cycie\nkonwencji powo\u0142uj\u0105cej WIPO w 1970 roku.<\/p>\n\n\n\n<p>W\u0142asno\u015b\u0107 intelektualna to termin, kt\u00f3ry okre\u015bla monopole prawne,\ntworzone przez wybrane dobra niematerialne (prawo autorskie) oraz wybrane\nw\u0142asno\u015bci przemys\u0142owe (patenty, znaki towarowe).<\/p>\n\n\n\n<p>Jest to efekt pracy tw\u00f3rczej cz\u0142owieka, kt\u00f3ry ze wzgl\u0119du na\noryginalno\u015b\u0107, znaczenie dla kultury, gospodarki i spo\u0142ecze\u0144stwa powinien by\u0107\nbezwzgl\u0119dnie chroniony.<\/p>\n\n\n\n<p>Mowa tu o utworach takich, jak film, muzyka, teksty literackie,\npatenty, znaki towarowe, fotografie, rysunki, malarstwo, ale tak\u017ce, jak si\u0119\nokazuje, posty w social mediach.<\/p>\n\n\n\n<p>Co roku na ca\u0142ym \u015bwiecie podejmowane s\u0105\nr\u00f3\u017cne inicjatywy, kt\u00f3rych celem jest m.in.:<\/p>\n\n\n\n<ul class=\"wp-block-list\"><li>ukazanie wp\u0142ywu praw autorskich, patent\u00f3w\n     i&nbsp;znak\u00f3w towarowych na nasze codzienne \u017cycie;<\/li><li>pog\u0142\u0119bienie wiedzy na temat prawa w\u0142asno\u015bci\n     intelektualnej;<\/li><li>zaprezentowanie znaczenia pracy tw\u00f3rc\u00f3w\n     i&nbsp;wynalazc\u00f3w dla rozwoju spo\u0142ecze\u0144stwa;<\/li><li>kszta\u0142towanie postawy poszanowania praw w\u0142asno\u015bci\n     intelektualnej.<\/li><\/ul>\n\n\n\n<figure class=\"wp-block-image\"><a href=\"https:\/\/bgpw.files.wordpress.com\/2018\/04\/wc582asnoc59bc487-intelektualna.png?w=613&amp;h=314\"><img decoding=\"async\" src=\"https:\/\/bgpw.files.wordpress.com\/2018\/04\/wc582asnoc59bc487-intelektualna.png?w=613&amp;h=314\" alt=\"Schemat: na \u015brodku napis w\u0142asno\u015b\u0107 intelektualna, od niego strza\u0142ki i bloki z napisami: prawo autorskie i prawa pokrewne, prawo w\u0142asno\u015bci przemys\u0142owej, prawo do baz danych, dobra osobiste, wszelkie inne prawa do know-how\"\/><\/a><\/figure>\n\n\n\n<hr class=\"wp-block-separator\"\/>\n\n\n\n<p>MZ<\/p>\n","protected":false},"excerpt":{"rendered":"<p>26 kwietnia obchodzimy \u015awiatowy Dzie\u0144 W\u0142asno\u015bci Intelektualnej, ang. World&nbsp; Intellectual Property Day \u2013 \u015bwi\u0119to ustanowione przez&nbsp; \u015awiatow\u0105 Organizacj\u0119 W\u0142asno\u015bci Intelektualnej. Dzie\u0144 ten&nbsp; ustanowiono w 2000 roku, a wybrano go na pami\u0105tk\u0119 wej\u015bcia w \u017cycie konwencji powo\u0142uj\u0105cej WIPO w 1970 roku. W\u0142asno\u015b\u0107 intelektualna to termin, kt\u00f3ry okre\u015bla monopole prawne, tworzone przez wybrane dobra niematerialne (prawo autorskie) oraz wybrane w\u0142asno\u015bci przemys\u0142owe (patenty, znaki towarowe). Jest to efekt pracy tw\u00f3rczej cz\u0142owieka, kt\u00f3ry ze&#8230;<\/p>\n","protected":false},"author":1,"featured_media":0,"comment_status":"closed","ping_status":"closed","sticky":false,"template":"","format":"standard","meta":{"footnotes":""},"categories":[1],"tags":[4],"class_list":["post-3464","post","type-post","status-publish","format-standard","hentry","category-uncategorized","tag-mz"],"_links":{"self":[{"href":"https:\/\/bursa3radom.pl\/index.php?rest_route=\/wp\/v2\/posts\/3464","targetHints":{"allow":["GET"]}}],"collection":[{"href":"https:\/\/bursa3radom.pl\/index.php?rest_route=\/wp\/v2\/posts"}],"about":[{"href":"https:\/\/bursa3radom.pl\/index.php?rest_route=\/wp\/v2\/types\/post"}],"author":[{"embeddable":true,"href":"https:\/\/bursa3radom.pl\/index.php?rest_route=\/wp\/v2\/users\/1"}],"replies":[{"embeddable":true,"href":"https:\/\/bursa3radom.pl\/index.php?rest_route=%2Fwp%2Fv2%2Fcomments&post=3464"}],"version-history":[{"count":2,"href":"https:\/\/bursa3radom.pl\/index.php?rest_route=\/wp\/v2\/posts\/3464\/revisions"}],"predecessor-version":[{"id":3509,"href":"https:\/\/bursa3radom.pl\/index.php?rest_route=\/wp\/v2\/posts\/3464\/revisions\/3509"}],"wp:attachment":[{"href":"https:\/\/bursa3radom.pl\/index.php?rest_route=%2Fwp%2Fv2%2Fmedia&parent=3464"}],"wp:term":[{"taxonomy":"category","embeddable":true,"href":"https:\/\/bursa3radom.pl\/index.php?rest_route=%2Fwp%2Fv2%2Fcategories&post=3464"},{"taxonomy":"post_tag","embeddable":true,"href":"https:\/\/bursa3radom.pl\/index.php?rest_route=%2Fwp%2Fv2%2Ftags&post=3464"}],"curies":[{"name":"wp","href":"https:\/\/api.w.org\/{rel}","templated":true}]}}