{"id":3461,"date":"2021-04-21T15:36:18","date_gmt":"2021-04-21T15:36:18","guid":{"rendered":"http:\/\/bursa3radom.pl\/?p=3461"},"modified":"2021-05-19T16:05:34","modified_gmt":"2021-05-19T16:05:34","slug":"23-04-swiatowy-dzien-ksiazki-i-praw-autorskich","status":"publish","type":"post","link":"https:\/\/bursa3radom.pl\/?p=3461","title":{"rendered":"23.04 \u015awiatowy Dzie\u0144 Ksi\u0105\u017cki i Praw Autorskich"},"content":{"rendered":"\n<figure class=\"wp-block-image\"><img decoding=\"async\" src=\"https:\/\/lh3.googleusercontent.com\/proxy\/0P1zIePnhB-ylJfcq1QUzA_HhQNz68b7xRdLhprgP2Oq3UK49fNNcLhFoRfcyThZEUCB_zlSLsoSARfEt4uMzGU4nXISvAO03EUpeeBgNHet3Mw7rHMftg\" alt=\"\"\/><\/figure>\n\n\n\n<p><a href=\"https:\/\/infoludek.pl\/czas-wolny\/kwietniowy-harmonogram-wydarzen-dla-czytelnikow-mbp-w-szczecinie\/\" target=\"_blank\" rel=\"noreferrer noopener\"><strong>\u015awiatowy Dzie\u0144 Ksi\u0105\u017cki i&nbsp;Praw Autorskich<\/strong><\/a>&nbsp;to&nbsp;doroczne \u015bwi\u0119to\norganizowane przez&nbsp;<em>UNESCO<\/em>. Obchodzony jest&nbsp;<strong>23&nbsp;kwietnia<\/strong>.\nData ta wybrana zosta\u0142a, jako symboliczna dla literatury \u015bwiatowej, bo\nw&nbsp;tym dniu zmarli m. in. Miguel de Cervantes i&nbsp;William Szekspir.<\/p>\n\n\n\n<p>Pomys\u0142 organizacji \u015bwi\u0119ta zrodzi\u0142 si\u0119 w&nbsp;Katalonii, gdzie\ntego dnia obchodzony jest dzie\u0144 jej patrona \u2013&nbsp;<em>\u015awi\u0119tego Jerzego<\/em>.\nZgodnie z&nbsp;d\u0142ug\u0105 tradycj\u0105 w&nbsp;Katalonii obdarowywano w&nbsp;ten dzie\u0144\nkobiety czerwonymi r\u00f3\u017cami, maj\u0105cymi symbolizowa\u0107 krew smoka pokonanego\nprzez&nbsp;\u015bw.&nbsp;Jerzego. P\u00f3\u017aniej kobiety zacz\u0119\u0142y odwzajemnia\u0107 si\u0119\nm\u0119\u017cczyznom podarunkami w&nbsp;formie ksi\u0105\u017cek.<\/p>\n\n\n\n<p>\u015awiatowy Dzie\u0144 Ksi\u0105\u017cki i Praw Autorskich to uroczysto\u015b\u0107 obchodzona w ponad 100 krajach na ca\u0142ym \u015bwiecie! To \u015bwi\u0119to autor\u00f3w, ilustrator\u00f3w, wydawc\u00f3w, ksi\u0105\u017cek, czytelnik\u00f3w i czytelnictwa. Tego dnia odbywa si\u0119 mn\u00f3stwo wydarze\u0144 zwi\u0105zanych z czytaniem, spotka\u0144 z pisarzami, a dla wielbicieli ksi\u0105\u017cek ksi\u0119garnie przygotowuj\u0105 rozmaite akcje promocyjne.<\/p>\n\n\n\n<p>\u017byczymy pi\u0119knych odkry\u0107 czytelniczych,\nwybierajcie literatur\u0119 optymistyczn\u0105, z dawk\u0105 humoru, traktuj\u0105c czytanie &nbsp;jako &nbsp;remedium na to, czego do\u015bwiadczamy.<strong><\/strong><\/p>\n\n\n\n<div class=\"wp-block-image\"><figure class=\"aligncenter\"><img decoding=\"async\" src=\"https:\/\/encrypted-tbn0.gstatic.com\/images?q=tbn:ANd9GcQTIFne9xa6-4HvSeKDA5rfMVVJt0m3uAkY6g&amp;usqp=CAU\" alt=\"\"\/><\/figure><\/div>\n\n\n\n<hr class=\"wp-block-separator\"\/>\n\n\n\n<p>MS<\/p>\n","protected":false},"excerpt":{"rendered":"<p>\u015awiatowy Dzie\u0144 Ksi\u0105\u017cki i&nbsp;Praw Autorskich&nbsp;to&nbsp;doroczne \u015bwi\u0119to organizowane przez&nbsp;UNESCO. Obchodzony jest&nbsp;23&nbsp;kwietnia. Data ta wybrana zosta\u0142a, jako symboliczna dla literatury \u015bwiatowej, bo w&nbsp;tym dniu zmarli m. in. Miguel de Cervantes i&nbsp;William Szekspir. Pomys\u0142 organizacji \u015bwi\u0119ta zrodzi\u0142 si\u0119 w&nbsp;Katalonii, gdzie tego dnia obchodzony jest dzie\u0144 jej patrona \u2013&nbsp;\u015awi\u0119tego Jerzego. Zgodnie z&nbsp;d\u0142ug\u0105 tradycj\u0105 w&nbsp;Katalonii obdarowywano w&nbsp;ten dzie\u0144 kobiety czerwonymi r\u00f3\u017cami, maj\u0105cymi symbolizowa\u0107 krew smoka pokonanego przez&nbsp;\u015bw.&nbsp;Jerzego. P\u00f3\u017aniej kobiety zacz\u0119\u0142y odwzajemnia\u0107 si\u0119 m\u0119\u017cczyznom podarunkami w&nbsp;formie&#8230;<\/p>\n","protected":false},"author":1,"featured_media":0,"comment_status":"closed","ping_status":"closed","sticky":false,"template":"","format":"standard","meta":{"footnotes":""},"categories":[1],"tags":[5],"class_list":["post-3461","post","type-post","status-publish","format-standard","hentry","category-uncategorized","tag-ms"],"_links":{"self":[{"href":"https:\/\/bursa3radom.pl\/index.php?rest_route=\/wp\/v2\/posts\/3461","targetHints":{"allow":["GET"]}}],"collection":[{"href":"https:\/\/bursa3radom.pl\/index.php?rest_route=\/wp\/v2\/posts"}],"about":[{"href":"https:\/\/bursa3radom.pl\/index.php?rest_route=\/wp\/v2\/types\/post"}],"author":[{"embeddable":true,"href":"https:\/\/bursa3radom.pl\/index.php?rest_route=\/wp\/v2\/users\/1"}],"replies":[{"embeddable":true,"href":"https:\/\/bursa3radom.pl\/index.php?rest_route=%2Fwp%2Fv2%2Fcomments&post=3461"}],"version-history":[{"count":2,"href":"https:\/\/bursa3radom.pl\/index.php?rest_route=\/wp\/v2\/posts\/3461\/revisions"}],"predecessor-version":[{"id":3510,"href":"https:\/\/bursa3radom.pl\/index.php?rest_route=\/wp\/v2\/posts\/3461\/revisions\/3510"}],"wp:attachment":[{"href":"https:\/\/bursa3radom.pl\/index.php?rest_route=%2Fwp%2Fv2%2Fmedia&parent=3461"}],"wp:term":[{"taxonomy":"category","embeddable":true,"href":"https:\/\/bursa3radom.pl\/index.php?rest_route=%2Fwp%2Fv2%2Fcategories&post=3461"},{"taxonomy":"post_tag","embeddable":true,"href":"https:\/\/bursa3radom.pl\/index.php?rest_route=%2Fwp%2Fv2%2Ftags&post=3461"}],"curies":[{"name":"wp","href":"https:\/\/api.w.org\/{rel}","templated":true}]}}