{"id":3425,"date":"2021-04-02T12:12:20","date_gmt":"2021-04-02T12:12:20","guid":{"rendered":"http:\/\/bursa3radom.pl\/?p=3425"},"modified":"2021-05-19T16:06:23","modified_gmt":"2021-05-19T16:06:23","slug":"swiatowy-dzien-swiadomosci-autyzmu","status":"publish","type":"post","link":"https:\/\/bursa3radom.pl\/?p=3425","title":{"rendered":"\u015awiatowy Dzie\u0144 \u015awiadomo\u015bci Autyzmu"},"content":{"rendered":"\n<p> \u015awiatowy Dzie\u0144 Wiedzy na temat Autyzmu to \u015bwi\u0119to obchodzone corocznie 2 kwietnia. Jego celem jest podnoszenie spo\u0142ecznej \u015bwiadomo\u015bci na temat zaburzenia uznanego przez ONZ za jeden z najpowa\u017cniejszych problem\u00f3w zdrowotnych \u015bwiata \u2013 obok raka, cukrzycy czy AIDS.<\/p>\n\n\n\n<p>Ma na celu propagowanie wiedzy na temat autyzmu. Fundacja SYNAPSIS, wraz z innymi organizacjami dzia\u0142aj\u0105cymi na rzecz os\u00f3b z autyzmem w Polsce i na \u015bwiecie, b\u0119dzie celebrowa\u0142a to \u015bwi\u0119to, w\u0142\u0105czaj\u0105c si\u0119 w globaln\u0105 akcj\u0119 <strong>\u201eZa\u015bwie\u0107 si\u0119 na niebiesko\u201c<\/strong>. W tym dniu symbolem solidarno\u015bci z&nbsp;osobami z&nbsp;autyzmem b\u0119dzie kolor niebieski. <\/p>\n\n\n\n<p>Zach\u0119camy do przesy\u0142ania na maila wychowawcybursy3@gmail.com zdj\u0119\u0107 ukazuj\u0105cych Wasz\u0105 solidarno\u015b\u0107 z osobami autystycznymi. W\u0142\u0105czmy si\u0119 do akcji &#8211; nie b\u0105d\u017a zielony, za\u015bwie\u0107 si\u0119 dla autyzmu.<\/p>\n\n\n\n<hr class=\"wp-block-separator\"\/>\n\n\n\n<p>KT<\/p>\n","protected":false},"excerpt":{"rendered":"<p>\u015awiatowy Dzie\u0144 Wiedzy na temat Autyzmu to \u015bwi\u0119to obchodzone corocznie 2 kwietnia. Jego celem jest podnoszenie spo\u0142ecznej \u015bwiadomo\u015bci na temat zaburzenia uznanego przez ONZ za jeden z najpowa\u017cniejszych problem\u00f3w zdrowotnych \u015bwiata \u2013 obok raka, cukrzycy czy AIDS. Ma na celu propagowanie wiedzy na temat autyzmu. Fundacja SYNAPSIS, wraz z innymi organizacjami dzia\u0142aj\u0105cymi na rzecz os\u00f3b z autyzmem w Polsce i na \u015bwiecie, b\u0119dzie celebrowa\u0142a to \u015bwi\u0119to, w\u0142\u0105czaj\u0105c si\u0119 w globaln\u0105&#8230;<\/p>\n","protected":false},"author":1,"featured_media":3427,"comment_status":"closed","ping_status":"closed","sticky":false,"template":"","format":"standard","meta":{"footnotes":""},"categories":[1],"tags":[6],"class_list":["post-3425","post","type-post","status-publish","format-standard","has-post-thumbnail","hentry","category-uncategorized","tag-kt"],"_links":{"self":[{"href":"https:\/\/bursa3radom.pl\/index.php?rest_route=\/wp\/v2\/posts\/3425","targetHints":{"allow":["GET"]}}],"collection":[{"href":"https:\/\/bursa3radom.pl\/index.php?rest_route=\/wp\/v2\/posts"}],"about":[{"href":"https:\/\/bursa3radom.pl\/index.php?rest_route=\/wp\/v2\/types\/post"}],"author":[{"embeddable":true,"href":"https:\/\/bursa3radom.pl\/index.php?rest_route=\/wp\/v2\/users\/1"}],"replies":[{"embeddable":true,"href":"https:\/\/bursa3radom.pl\/index.php?rest_route=%2Fwp%2Fv2%2Fcomments&post=3425"}],"version-history":[{"count":2,"href":"https:\/\/bursa3radom.pl\/index.php?rest_route=\/wp\/v2\/posts\/3425\/revisions"}],"predecessor-version":[{"id":3514,"href":"https:\/\/bursa3radom.pl\/index.php?rest_route=\/wp\/v2\/posts\/3425\/revisions\/3514"}],"wp:featuredmedia":[{"embeddable":true,"href":"https:\/\/bursa3radom.pl\/index.php?rest_route=\/wp\/v2\/media\/3427"}],"wp:attachment":[{"href":"https:\/\/bursa3radom.pl\/index.php?rest_route=%2Fwp%2Fv2%2Fmedia&parent=3425"}],"wp:term":[{"taxonomy":"category","embeddable":true,"href":"https:\/\/bursa3radom.pl\/index.php?rest_route=%2Fwp%2Fv2%2Fcategories&post=3425"},{"taxonomy":"post_tag","embeddable":true,"href":"https:\/\/bursa3radom.pl\/index.php?rest_route=%2Fwp%2Fv2%2Ftags&post=3425"}],"curies":[{"name":"wp","href":"https:\/\/api.w.org\/{rel}","templated":true}]}}