{"id":3366,"date":"2021-03-08T00:01:07","date_gmt":"2021-03-08T00:01:07","guid":{"rendered":"http:\/\/bursa3radom.pl\/?p=3366"},"modified":"2021-05-19T16:07:25","modified_gmt":"2021-05-19T16:07:25","slug":"dzisiaj-dzien-kobiet-niech-kazdy-sie-dowie","status":"publish","type":"post","link":"https:\/\/bursa3radom.pl\/?p=3366","title":{"rendered":"Dzisiaj Dzie\u0144 Kobiet, niech ka\u017cdy si\u0119 dowie"},"content":{"rendered":"\n<p>Dzi\u015b 8 marca &#8211; dzie\u0144 w kt\u00f3rym jak co roku \u015bwi\u0119tujemy Dzie\u0144 Kobiet. Tym razem niestety nie mo\u017cemy go sp\u0119dzi\u0107 w wi\u0119kszym gronie, musimy r\u00f3wnie\u017c zrezygnowa\u0107 z tradycyjnej akademii na Dzie\u0144 Kobiet i M\u0119\u017cczyzn.  <\/p>\n\n\n\n<p>Nie zapominamy jednak o naszych wychowawczyniach ani kole\u017cankach. Sk\u0142adamy Wam dzi\u015b serdeczne \u017cyczenia i przekazujemy kwiaty. \u017byjcie nam sto lat!<\/p>\n\n\n\n<figure class=\"wp-block-image\"><img loading=\"lazy\" decoding=\"async\" width=\"1000\" height=\"750\" src=\"http:\/\/bursa3radom.pl\/wp-content\/uploads\/2021\/03\/received_135116168513108.jpeg\" alt=\"\" class=\"wp-image-3371\" srcset=\"https:\/\/bursa3radom.pl\/wp-content\/uploads\/2021\/03\/received_135116168513108.jpeg 1000w, https:\/\/bursa3radom.pl\/wp-content\/uploads\/2021\/03\/received_135116168513108-300x225.jpeg 300w, https:\/\/bursa3radom.pl\/wp-content\/uploads\/2021\/03\/received_135116168513108-768x576.jpeg 768w, https:\/\/bursa3radom.pl\/wp-content\/uploads\/2021\/03\/received_135116168513108-100x75.jpeg 100w\" sizes=\"auto, (max-width: 1000px) 100vw, 1000px\" \/><\/figure>\n\n\n\n<p style=\"text-align:center\"> Dla dziewcz\u0105t, kt\u00f3re znamy<br>moc \u017cycze\u0144 dzisiaj mamy,<br>du\u017co zdrowia, szcz\u0119\u015bcia i mi\u0142o\u015bci<br>oraz kwiat\u00f3w i rado\u015bci,<br>niechaj si\u0119 to niesie na ca\u0142y kraj,<br>dzi\u015b dla pa\u0144 wszystko naj&#8230; naj&#8230; naj! <\/p>\n\n\n\n<iframe loading=\"lazy\" width=\"560\" height=\"315\" src=\"https:\/\/www.youtube.com\/embed\/gEyxtcTdqUE\" frameborder=\"0\" allow=\"accelerometer; autoplay; clipboard-write; encrypted-media; gyroscope; picture-in-picture\" allowfullscreen=\"\"><\/iframe>\n\n\n\n<hr class=\"wp-block-separator\"\/>\n\n\n\n<p>KT, MN<\/p>\n","protected":false},"excerpt":{"rendered":"<p>Dzi\u015b 8 marca &#8211; dzie\u0144 w kt\u00f3rym jak co roku \u015bwi\u0119tujemy Dzie\u0144 Kobiet. Tym razem niestety nie mo\u017cemy go sp\u0119dzi\u0107 w wi\u0119kszym gronie, musimy r\u00f3wnie\u017c zrezygnowa\u0107 z tradycyjnej akademii na Dzie\u0144 Kobiet i M\u0119\u017cczyzn. Nie zapominamy jednak o naszych wychowawczyniach ani kole\u017cankach. Sk\u0142adamy Wam dzi\u015b serdeczne \u017cyczenia i przekazujemy kwiaty. \u017byjcie nam sto lat! Dla dziewcz\u0105t, kt\u00f3re znamymoc \u017cycze\u0144 dzisiaj mamy,du\u017co zdrowia, szcz\u0119\u015bcia i mi\u0142o\u015bcioraz kwiat\u00f3w i rado\u015bci,niechaj si\u0119 to&#8230;<\/p>\n","protected":false},"author":2,"featured_media":0,"comment_status":"closed","ping_status":"closed","sticky":false,"template":"","format":"standard","meta":{"footnotes":""},"categories":[1],"tags":[6,9],"class_list":["post-3366","post","type-post","status-publish","format-standard","hentry","category-uncategorized","tag-kt","tag-mn"],"_links":{"self":[{"href":"https:\/\/bursa3radom.pl\/index.php?rest_route=\/wp\/v2\/posts\/3366","targetHints":{"allow":["GET"]}}],"collection":[{"href":"https:\/\/bursa3radom.pl\/index.php?rest_route=\/wp\/v2\/posts"}],"about":[{"href":"https:\/\/bursa3radom.pl\/index.php?rest_route=\/wp\/v2\/types\/post"}],"author":[{"embeddable":true,"href":"https:\/\/bursa3radom.pl\/index.php?rest_route=\/wp\/v2\/users\/2"}],"replies":[{"embeddable":true,"href":"https:\/\/bursa3radom.pl\/index.php?rest_route=%2Fwp%2Fv2%2Fcomments&post=3366"}],"version-history":[{"count":4,"href":"https:\/\/bursa3radom.pl\/index.php?rest_route=\/wp\/v2\/posts\/3366\/revisions"}],"predecessor-version":[{"id":3518,"href":"https:\/\/bursa3radom.pl\/index.php?rest_route=\/wp\/v2\/posts\/3366\/revisions\/3518"}],"wp:attachment":[{"href":"https:\/\/bursa3radom.pl\/index.php?rest_route=%2Fwp%2Fv2%2Fmedia&parent=3366"}],"wp:term":[{"taxonomy":"category","embeddable":true,"href":"https:\/\/bursa3radom.pl\/index.php?rest_route=%2Fwp%2Fv2%2Fcategories&post=3366"},{"taxonomy":"post_tag","embeddable":true,"href":"https:\/\/bursa3radom.pl\/index.php?rest_route=%2Fwp%2Fv2%2Ftags&post=3366"}],"curies":[{"name":"wp","href":"https:\/\/api.w.org\/{rel}","templated":true}]}}