{"id":3322,"date":"2021-02-22T08:19:47","date_gmt":"2021-02-22T08:19:47","guid":{"rendered":"http:\/\/bursa3radom.pl\/?p=3322"},"modified":"2021-05-19T16:08:22","modified_gmt":"2021-05-19T16:08:22","slug":"miedzynarodowy-dzien-jezyka-ojczystego","status":"publish","type":"post","link":"https:\/\/bursa3radom.pl\/?p=3322","title":{"rendered":"21.02 &#8211; Mi\u0119dzynarodowy Dzie\u0144 J\u0119zyka Ojczystego"},"content":{"rendered":"\n<blockquote class=\"wp-block-quote is-layout-flow wp-block-quote-is-layout-flow\"><p> <br><em><strong>Je\u017celi j\u0119zyk nie jest poprawny,<\/strong><\/em><br><em><strong>&nbsp;Mowa nie znaczy tego, co ma znaczy\u0107,<\/strong><\/em><br><em><strong>&nbsp;Je\u017celi mowa nie znaczy tego, co ma znaczy\u0107,<\/strong><\/em><br><em><strong>&nbsp;Nie b\u0119dzie zrobione to, co ma by\u0107 zrobione.<\/strong><\/em><br><strong>&nbsp;&nbsp;&nbsp;&nbsp;&nbsp;&nbsp;&nbsp;&nbsp;&nbsp;&nbsp;&nbsp;&nbsp;&nbsp;&nbsp;&nbsp;&nbsp;&nbsp;&nbsp;&nbsp;&nbsp;&nbsp;&nbsp;&nbsp;&nbsp;&nbsp;&nbsp;&nbsp;&nbsp;&nbsp;&nbsp;&nbsp;&nbsp;&nbsp;&nbsp;&nbsp;&nbsp;&nbsp;&nbsp;&nbsp;&nbsp;&nbsp;&nbsp;&nbsp;&nbsp;&nbsp;&nbsp;&nbsp;&nbsp;&nbsp;&nbsp;&nbsp;&nbsp;&nbsp;&nbsp; &nbsp;Konfucjusz<\/strong> <\/p><\/blockquote>\n\n\n\n<p><strong>Mi\u0119dzynarodowy Dzie\u0144 J\u0119zyka Ojczystego<\/strong>&nbsp;to \u015bwi\u0119to obchodzone 21 lutego,\nustanowione przez UNESCO podczas 30. Sesji Konferencji Generalnej 17 listopada\n1999 roku. Odsy\u0142a do tragicznych wydarze\u0144, kt\u00f3re mia\u0142y miejsce w Dhace w\nBangladeszu. Podczas pokojowej demonstracji 21 lutego 1952 roku zgin\u0119\u0142o pi\u0119ciu\nstudent\u00f3w domagaj\u0105cych si\u0119 nadania j\u0119zykowi bengalskiemu statusu j\u0119zyka\nurz\u0119dowego. <\/p>\n\n\n\n<p>Data ta ma nie tylko\nupami\u0119tnia\u0107 przywo\u0142ane wydarzenia, ale tak\u017ce przypomina\u0107 o r\u00f3\u017cnorodno\u015bci\nj\u0119zykowej, o tym, i\u017c j\u0119zyk to najpot\u0119\u017cniejsze narz\u0119dzie ochrony i rozwoju\nwsp\u00f3lnego dziedzictwa kulturowego ludzko\u015bci. Obchody \u015bwi\u0119ta zwracaj\u0105 uwag\u0119 na\npotrzeb\u0119 troski o j\u0119zyk ojczysty, jego promocj\u0119, ochron\u0119 r\u00f3\u017cnorodno\u015bci\nj\u0119zykowej jako \u017ar\u00f3d\u0142a dziedzictwa kulturowego. Podstawowym przes\u0142aniem\nMi\u0119dzynarodowego Dnia J\u0119zyka Ojczystego jest zwi\u0119kszanie \u015bwiadomo\u015bci znaczenia\nj\u0119zyka i kultury, budowanie porozumienia ponad podzia\u0142ami, pokoju oraz dba\u0142o\u015bci\no wsp\u00f3lne dzia\u0142ania oparte na zrozumieniu, tolerancji i dialogu.<\/p>\n\n\n\n<figure class=\"wp-block-image\"><a href=\"https:\/\/naszswiat.it\/wp-content\/uploads\/2018\/02\/dzien-jezyka.jpg\"><img decoding=\"async\" src=\"https:\/\/naszswiat.it\/wp-content\/uploads\/2018\/02\/dzien-jezyka.jpg\" alt=\"Has\u0142o Dzie\u0144 J\u0119zyka Ojczystego\"\/><\/a><\/figure>\n\n\n\n<p>Sekcja pomocy w nauce w zwi\u0105zku z obchodami <strong>Mi\u0119dzynarodowego Dnia J\u0119zyka Ojczystego<\/strong> proponuje sprawdzenie swoich umiej\u0119tno\u015bci i znajomo\u015bci zasad ortograficznych. Przygotowano dla Was dyktando. Zmierzcie si\u0119 z nim. Po zako\u0144czeniu sprawd\u017acie poprawno\u015b\u0107 pisowni.&nbsp;&nbsp;&nbsp;&nbsp;&nbsp;&nbsp;&nbsp;&nbsp;&nbsp;&nbsp;&nbsp;&nbsp;&nbsp;&nbsp;&nbsp;&nbsp;&nbsp;&nbsp;&nbsp;&nbsp;&nbsp;&nbsp;&nbsp;&nbsp;&nbsp;&nbsp;&nbsp;&nbsp;&nbsp;&nbsp;&nbsp;&nbsp;&nbsp;&nbsp;&nbsp;&nbsp;&nbsp;&nbsp;&nbsp;&nbsp;&nbsp;&nbsp;&nbsp;&nbsp;&nbsp;&nbsp;&nbsp;&nbsp;&nbsp;&nbsp;&nbsp;&nbsp;&nbsp;&nbsp;&nbsp;&nbsp;&nbsp;&nbsp;&nbsp;&nbsp;&nbsp;&nbsp;&nbsp;&nbsp;&nbsp;&nbsp; <\/p>\n\n\n\n<p>&nbsp;&nbsp;&nbsp;&nbsp;&nbsp;&nbsp;&nbsp;&nbsp;&nbsp;&nbsp;&nbsp;&nbsp;&nbsp;&nbsp;&nbsp;&nbsp;&nbsp;&nbsp;&nbsp;&nbsp;&nbsp;&nbsp;&nbsp;&nbsp;&nbsp;&nbsp;&nbsp;&nbsp;&nbsp;&nbsp;&nbsp;&nbsp;&nbsp;&nbsp;&nbsp;&nbsp;&nbsp;&nbsp;&nbsp;&nbsp;&nbsp;&nbsp;&nbsp;&nbsp;&nbsp;&nbsp;&nbsp;&nbsp;&nbsp;&nbsp;&nbsp;&nbsp;\n&nbsp;&nbsp;&nbsp;&nbsp;&nbsp;&nbsp;&nbsp;&nbsp;&nbsp;&nbsp;&nbsp;&nbsp;&nbsp;&nbsp;&nbsp;&nbsp;&nbsp;&nbsp;&nbsp;&nbsp;&nbsp;&nbsp;&nbsp;&nbsp;&nbsp;&nbsp;&nbsp;&nbsp;&nbsp;&nbsp;&nbsp;&nbsp;&nbsp;&nbsp;&nbsp;&nbsp;&nbsp;&nbsp;&nbsp;&nbsp;&nbsp;&nbsp;&nbsp;&nbsp;&nbsp;&nbsp;&nbsp;&nbsp;&nbsp;&nbsp;&nbsp;&nbsp;&nbsp;Mi\u0142ej\nzabawy.<\/p>\n\n\n\n<h2 class=\"wp-block-heading\"><strong>\u201eList Walerka _rab\u0105szcza\u201d<\/strong><\/h2>\n\n\n\n<p>M_j Profeso_e!<\/p>\n\n\n\n<p>Oczy mam mokre:&nbsp;<\/p>\n\n\n\n<p>Fatalnie dla mnie ko\u0144czy si\u0119 okres \u2013<\/p>\n\n\n\n<p>Pi\u0119\u0107 dw_j z polskiego. Dwie z&nbsp;wypracowa\u0144,<\/p>\n\n\n\n<p>A t_y z dyktanda. Wprost boli g\u0142owa.<\/p>\n\n\n\n<p>Na nic starania. R_bel i wr_bel<\/p>\n\n\n\n<p>Ci\u0105gle czy_aj\u0105 na moj\u0105 zg_b\u0119.<\/p>\n\n\n\n<p>\u017b_k, \u017c_\u0142w, p_\u0142k, p_\u0142ka, cz_\u0142no i cz_\u0142y<\/p>\n\n\n\n<p>Te mi, doprawdy, _ycie zatr_\u0142y.<\/p>\n\n\n\n<p>Ot, tak na co dzie\u0144 rzecz niby \u0142atwa;<\/p>\n\n\n\n<p>Wiem, gdy kto\u015b pyta, lecz wszystko gmatwam<\/p>\n\n\n\n<p>Podczas klas_wek. Podobne s\u0142_wka,<\/p>\n\n\n\n<p>Jak: _\u0105da\u0107, _\u0105dzi\u0107, sk_wka, zas_wka,<\/p>\n\n\n\n<p>Je_ oraz Je_y, pom_r i m_rek,<\/p>\n\n\n\n<p style=\"text-align:left\"> Chy_y i _o\u017cy o g\u0119si\u0105 sk_r\u0119<\/p>\n\n\n\n<p>Mnie przyprawiaj\u0105. B\u0142agam o pomoc.<\/p>\n\n\n\n<p>M_j Profeso_e, Panu wiadomo,<\/p>\n\n\n\n<p>&nbsp;Jakich k_racja wymaga lekarstw.<\/p>\n\n\n\n<p>W Panu nadzieja! Z ufno\u015bci\u0105 czekam.<\/p>\n\n\n\n<p>Wraz ze mn\u0105 inni, co pisz\u0105 s\u0142abo.<\/p>\n\n\n\n<p>Niech Pan pomo_e<\/p>\n\n\n\n<p style=\"text-align:center\">Walerek _rab\u0105szcz<\/p>\n\n\n\n<p><strong>\u00d3 czy U?<\/strong><\/p>\n\n\n\n<p>W_jt skarci\u0142 R_\u017c\u0119, k\u0142_tliw\u0105 c_rk\u0119.<\/p>\n\n\n\n<p>J_rek rys_je t_szem la_rk\u0119.<\/p>\n\n\n\n<p>K_p, K_bo, sk_wk\u0119 oraz zas_wk\u0119.<\/p>\n\n\n\n<p>W_z do sp_\u0142dzielni przywi_z\u0142 dach_wk\u0119.<\/p>\n\n\n\n<p><strong>CH czy H?<\/strong><\/p>\n\n\n\n<p>W _amaku _u\u015bta si\u0119 dru_na _ania.<\/p>\n\n\n\n<p>Co\u015b _y\u017co czmy_a: Pu_acz czy kania?<\/p>\n\n\n\n<p>_orda _ultajska wraz z _ersztem czy_a.<\/p>\n\n\n\n<p>Zmilk\u0142 _ora\u0142 wi_r\u00f3w, e_o \u0142ka z cicha.<\/p>\n\n\n\n<p><strong>RZ czy \u017b?<\/strong><\/p>\n\n\n\n<p>_elazny _upan to or\u0119_ je_y.<\/p>\n\n\n\n<p>Na nietope_a tchu_ k\u0142y wyszcze_y\u0142.<\/p>\n\n\n\n<p>Za _wawym w\u0119_em _ar\u0142ok je\u017c bie_y.<\/p>\n\n\n\n<p>T_y b_any z\u0142owi\u0142 w tej _ece&nbsp; Je_yk.<\/p>\n\n\n\n<p>W pliku poni\u017cej znajdziecie poprawne odpowiedzi. <\/p>\n\n\n\n<div class=\"wp-block-file\"><a href=\"http:\/\/bursa3radom.pl\/wp-content\/uploads\/2021\/02\/Sprawd\u017a-poprawn\u0105-pisowni\u0119.pdf\">Sprawd\u017a poprawn\u0105 pisowni\u0119<\/a><a href=\"http:\/\/bursa3radom.pl\/wp-content\/uploads\/2021\/02\/Sprawd\u017a-poprawn\u0105-pisowni\u0119.pdf\" class=\"wp-block-file__button\" download>Pobierz<\/a><\/div>\n\n\n\n<hr class=\"wp-block-separator\"\/>\n\n\n\n<p>MS<\/p>\n","protected":false},"excerpt":{"rendered":"<p>Je\u017celi j\u0119zyk nie jest poprawny,&nbsp;Mowa nie znaczy tego, co ma znaczy\u0107,&nbsp;Je\u017celi mowa nie znaczy tego, co ma znaczy\u0107,&nbsp;Nie b\u0119dzie zrobione to, co ma by\u0107 zrobione.&nbsp;&nbsp;&nbsp;&nbsp;&nbsp;&nbsp;&nbsp;&nbsp;&nbsp;&nbsp;&nbsp;&nbsp;&nbsp;&nbsp;&nbsp;&nbsp;&nbsp;&nbsp;&nbsp;&nbsp;&nbsp;&nbsp;&nbsp;&nbsp;&nbsp;&nbsp;&nbsp;&nbsp;&nbsp;&nbsp;&nbsp;&nbsp;&nbsp;&nbsp;&nbsp;&nbsp;&nbsp;&nbsp;&nbsp;&nbsp;&nbsp;&nbsp;&nbsp;&nbsp;&nbsp;&nbsp;&nbsp;&nbsp;&nbsp;&nbsp;&nbsp;&nbsp;&nbsp;&nbsp; &nbsp;Konfucjusz Mi\u0119dzynarodowy Dzie\u0144 J\u0119zyka Ojczystego&nbsp;to \u015bwi\u0119to obchodzone 21 lutego, ustanowione przez UNESCO podczas 30. Sesji Konferencji Generalnej 17 listopada 1999 roku. Odsy\u0142a do tragicznych wydarze\u0144, kt\u00f3re mia\u0142y miejsce w Dhace w Bangladeszu. Podczas pokojowej demonstracji 21 lutego 1952 roku zgin\u0119\u0142o pi\u0119ciu student\u00f3w domagaj\u0105cych si\u0119 nadania&#8230;<\/p>\n","protected":false},"author":1,"featured_media":3341,"comment_status":"closed","ping_status":"open","sticky":false,"template":"","format":"standard","meta":{"footnotes":""},"categories":[1],"tags":[5],"class_list":["post-3322","post","type-post","status-publish","format-standard","has-post-thumbnail","hentry","category-uncategorized","tag-ms"],"_links":{"self":[{"href":"https:\/\/bursa3radom.pl\/index.php?rest_route=\/wp\/v2\/posts\/3322","targetHints":{"allow":["GET"]}}],"collection":[{"href":"https:\/\/bursa3radom.pl\/index.php?rest_route=\/wp\/v2\/posts"}],"about":[{"href":"https:\/\/bursa3radom.pl\/index.php?rest_route=\/wp\/v2\/types\/post"}],"author":[{"embeddable":true,"href":"https:\/\/bursa3radom.pl\/index.php?rest_route=\/wp\/v2\/users\/1"}],"replies":[{"embeddable":true,"href":"https:\/\/bursa3radom.pl\/index.php?rest_route=%2Fwp%2Fv2%2Fcomments&post=3322"}],"version-history":[{"count":7,"href":"https:\/\/bursa3radom.pl\/index.php?rest_route=\/wp\/v2\/posts\/3322\/revisions"}],"predecessor-version":[{"id":3521,"href":"https:\/\/bursa3radom.pl\/index.php?rest_route=\/wp\/v2\/posts\/3322\/revisions\/3521"}],"wp:featuredmedia":[{"embeddable":true,"href":"https:\/\/bursa3radom.pl\/index.php?rest_route=\/wp\/v2\/media\/3341"}],"wp:attachment":[{"href":"https:\/\/bursa3radom.pl\/index.php?rest_route=%2Fwp%2Fv2%2Fmedia&parent=3322"}],"wp:term":[{"taxonomy":"category","embeddable":true,"href":"https:\/\/bursa3radom.pl\/index.php?rest_route=%2Fwp%2Fv2%2Fcategories&post=3322"},{"taxonomy":"post_tag","embeddable":true,"href":"https:\/\/bursa3radom.pl\/index.php?rest_route=%2Fwp%2Fv2%2Ftags&post=3322"}],"curies":[{"name":"wp","href":"https:\/\/api.w.org\/{rel}","templated":true}]}}