{"id":3282,"date":"2020-12-20T15:38:38","date_gmt":"2020-12-20T15:38:38","guid":{"rendered":"http:\/\/bursa3radom.pl\/?p=3282"},"modified":"2021-05-19T16:09:03","modified_gmt":"2021-05-19T16:09:03","slug":"zyczenia-swiateczne","status":"publish","type":"post","link":"https:\/\/bursa3radom.pl\/?p=3282","title":{"rendered":"\u017byczenia \u015bwi\u0105teczne"},"content":{"rendered":"\n<p>Dyrektor, Grono Pedagogiczne oraz wszyscy pracownicy Bursy Szkolnej Nr 3 <br>w Radomiu sk\u0142adaj\u0105 serdeczne \u017cyczenia zdowych i spokojnych \u015awi\u0105t Bo\u017cego Narodzenia oraz wszelkiej pomy\u015blno\u015bci w nadchodz\u0105cym Nowym Roku. <\/p>\n\n\n\n<figure class=\"wp-block-image is-resized\"><a href=\"http:\/\/bursa3radom.pl\/wp-content\/uploads\/2020\/12\/Weso\u0142ych-\u015awi\u0105t-Bo\u017cego-Narodzenia-1.jpg\"><img loading=\"lazy\" decoding=\"async\" src=\"http:\/\/bursa3radom.pl\/wp-content\/uploads\/2020\/12\/Weso\u0142ych-\u015awi\u0105t-Bo\u017cego-Narodzenia-1-1024x727.jpg\" alt=\"\" class=\"wp-image-3283\" width=\"512\" height=\"364\" srcset=\"https:\/\/bursa3radom.pl\/wp-content\/uploads\/2020\/12\/Weso\u0142ych-\u015awi\u0105t-Bo\u017cego-Narodzenia-1-1024x727.jpg 1024w, https:\/\/bursa3radom.pl\/wp-content\/uploads\/2020\/12\/Weso\u0142ych-\u015awi\u0105t-Bo\u017cego-Narodzenia-1-300x213.jpg 300w, https:\/\/bursa3radom.pl\/wp-content\/uploads\/2020\/12\/Weso\u0142ych-\u015awi\u0105t-Bo\u017cego-Narodzenia-1-768x545.jpg 768w, https:\/\/bursa3radom.pl\/wp-content\/uploads\/2020\/12\/Weso\u0142ych-\u015awi\u0105t-Bo\u017cego-Narodzenia-1.jpg 1747w\" sizes=\"auto, (max-width: 512px) 100vw, 512px\" \/><\/a><\/figure>\n\n\n\n<hr class=\"wp-block-separator\"\/>\n\n\n\n<p>KT<\/p>\n","protected":false},"excerpt":{"rendered":"<p>Dyrektor, Grono Pedagogiczne oraz wszyscy pracownicy Bursy Szkolnej Nr 3 w Radomiu sk\u0142adaj\u0105 serdeczne \u017cyczenia zdowych i spokojnych \u015awi\u0105t Bo\u017cego Narodzenia oraz wszelkiej pomy\u015blno\u015bci w nadchodz\u0105cym Nowym Roku. KT<\/p>\n","protected":false},"author":1,"featured_media":3283,"comment_status":"closed","ping_status":"open","sticky":false,"template":"","format":"standard","meta":{"footnotes":""},"categories":[1],"tags":[6],"class_list":["post-3282","post","type-post","status-publish","format-standard","has-post-thumbnail","hentry","category-uncategorized","tag-kt"],"_links":{"self":[{"href":"https:\/\/bursa3radom.pl\/index.php?rest_route=\/wp\/v2\/posts\/3282","targetHints":{"allow":["GET"]}}],"collection":[{"href":"https:\/\/bursa3radom.pl\/index.php?rest_route=\/wp\/v2\/posts"}],"about":[{"href":"https:\/\/bursa3radom.pl\/index.php?rest_route=\/wp\/v2\/types\/post"}],"author":[{"embeddable":true,"href":"https:\/\/bursa3radom.pl\/index.php?rest_route=\/wp\/v2\/users\/1"}],"replies":[{"embeddable":true,"href":"https:\/\/bursa3radom.pl\/index.php?rest_route=%2Fwp%2Fv2%2Fcomments&post=3282"}],"version-history":[{"count":4,"href":"https:\/\/bursa3radom.pl\/index.php?rest_route=\/wp\/v2\/posts\/3282\/revisions"}],"predecessor-version":[{"id":3527,"href":"https:\/\/bursa3radom.pl\/index.php?rest_route=\/wp\/v2\/posts\/3282\/revisions\/3527"}],"wp:featuredmedia":[{"embeddable":true,"href":"https:\/\/bursa3radom.pl\/index.php?rest_route=\/wp\/v2\/media\/3283"}],"wp:attachment":[{"href":"https:\/\/bursa3radom.pl\/index.php?rest_route=%2Fwp%2Fv2%2Fmedia&parent=3282"}],"wp:term":[{"taxonomy":"category","embeddable":true,"href":"https:\/\/bursa3radom.pl\/index.php?rest_route=%2Fwp%2Fv2%2Fcategories&post=3282"},{"taxonomy":"post_tag","embeddable":true,"href":"https:\/\/bursa3radom.pl\/index.php?rest_route=%2Fwp%2Fv2%2Ftags&post=3282"}],"curies":[{"name":"wp","href":"https:\/\/api.w.org\/{rel}","templated":true}]}}