{"id":3261,"date":"2020-11-29T17:01:54","date_gmt":"2020-11-29T17:01:54","guid":{"rendered":"http:\/\/bursa3radom.pl\/?p=3261"},"modified":"2021-02-22T08:39:26","modified_gmt":"2021-02-22T08:39:26","slug":"25-lecie-bursy","status":"publish","type":"post","link":"https:\/\/bursa3radom.pl\/?p=3261","title":{"rendered":"25-lecie Bursy"},"content":{"rendered":"\n<figure class=\"wp-block-image\"><a href=\"http:\/\/bursa3radom.pl\/wp-content\/uploads\/2020\/11\/25.jpg\"><img loading=\"lazy\" decoding=\"async\" width=\"1024\" height=\"740\" src=\"http:\/\/bursa3radom.pl\/wp-content\/uploads\/2020\/11\/25-1024x740.jpg\" alt=\"\" class=\"wp-image-3263\" srcset=\"https:\/\/bursa3radom.pl\/wp-content\/uploads\/2020\/11\/25-1024x740.jpg 1024w, https:\/\/bursa3radom.pl\/wp-content\/uploads\/2020\/11\/25-300x217.jpg 300w, https:\/\/bursa3radom.pl\/wp-content\/uploads\/2020\/11\/25-768x555.jpg 768w, https:\/\/bursa3radom.pl\/wp-content\/uploads\/2020\/11\/25.jpg 1459w\" sizes=\"auto, (max-width: 1024px) 100vw, 1024px\" \/><\/a><\/figure>\n\n\n\n<p>1.12.2020 r. obchodzimy 25-lecie powstania Bursy Szkolnej Nr 3. Zach\u0119camy do zapoznania si\u0119 z jej histori\u0105 <a href=\"http:\/\/bursa3radom.pl\/?page_id=2982\">http:\/\/bursa3radom.pl\/?page_id=2982<\/a><\/p>\n","protected":false},"excerpt":{"rendered":"<p>1.12.2020 r. obchodzimy 25-lecie powstania Bursy Szkolnej Nr 3. Zach\u0119camy do zapoznania si\u0119 z jej histori\u0105 http:\/\/bursa3radom.pl\/?page_id=2982<\/p>\n","protected":false},"author":1,"featured_media":3267,"comment_status":"closed","ping_status":"open","sticky":false,"template":"","format":"standard","meta":{"footnotes":""},"categories":[1],"tags":[],"class_list":["post-3261","post","type-post","status-publish","format-standard","has-post-thumbnail","hentry","category-uncategorized"],"_links":{"self":[{"href":"https:\/\/bursa3radom.pl\/index.php?rest_route=\/wp\/v2\/posts\/3261","targetHints":{"allow":["GET"]}}],"collection":[{"href":"https:\/\/bursa3radom.pl\/index.php?rest_route=\/wp\/v2\/posts"}],"about":[{"href":"https:\/\/bursa3radom.pl\/index.php?rest_route=\/wp\/v2\/types\/post"}],"author":[{"embeddable":true,"href":"https:\/\/bursa3radom.pl\/index.php?rest_route=\/wp\/v2\/users\/1"}],"replies":[{"embeddable":true,"href":"https:\/\/bursa3radom.pl\/index.php?rest_route=%2Fwp%2Fv2%2Fcomments&post=3261"}],"version-history":[{"count":3,"href":"https:\/\/bursa3radom.pl\/index.php?rest_route=\/wp\/v2\/posts\/3261\/revisions"}],"predecessor-version":[{"id":3266,"href":"https:\/\/bursa3radom.pl\/index.php?rest_route=\/wp\/v2\/posts\/3261\/revisions\/3266"}],"wp:featuredmedia":[{"embeddable":true,"href":"https:\/\/bursa3radom.pl\/index.php?rest_route=\/wp\/v2\/media\/3267"}],"wp:attachment":[{"href":"https:\/\/bursa3radom.pl\/index.php?rest_route=%2Fwp%2Fv2%2Fmedia&parent=3261"}],"wp:term":[{"taxonomy":"category","embeddable":true,"href":"https:\/\/bursa3radom.pl\/index.php?rest_route=%2Fwp%2Fv2%2Fcategories&post=3261"},{"taxonomy":"post_tag","embeddable":true,"href":"https:\/\/bursa3radom.pl\/index.php?rest_route=%2Fwp%2Fv2%2Ftags&post=3261"}],"curies":[{"name":"wp","href":"https:\/\/api.w.org\/{rel}","templated":true}]}}