{"id":3252,"date":"2020-11-26T23:17:57","date_gmt":"2020-11-26T23:17:57","guid":{"rendered":"http:\/\/bursa3radom.pl\/?p=3252"},"modified":"2021-05-19T16:09:18","modified_gmt":"2021-05-19T16:09:18","slug":"swiatowy-dzien-walki-z-aids","status":"publish","type":"post","link":"https:\/\/bursa3radom.pl\/?p=3252","title":{"rendered":"\u015awiatowy Dzie\u0144 Walki z AIDS"},"content":{"rendered":"\n<p>1 grudnia obchodzimy&nbsp;<strong>\u015awiatowy Dzie\u0144 AIDS<\/strong>&nbsp;lub&nbsp;<strong>\u015awiatowy Dzie\u0144 Walki z AIDS<\/strong> \u2013&nbsp;&nbsp;\u015bwi\u0119to obchodzone corocznie z inicjatywy \u015awiatowej Organizacji Zdrowia (WHO) od 1988 roku.<\/p>\n\n\n\n<p>Getting to zero (D\u0105\u017cymy do Zera) to temat tegorocznego \u015awiatowego Dnia AIDS wybrany przez \u015awiatow\u0105 Kampani\u0119 AIDS (Word AIDS Campaign). Od dw\u00f3ch lat prowadzona jest r\u00f3wnie\u017c akcja, kt\u00f3ra ma na celu upowszechnienie \u201eCzerwonej kokardki\u2019 &#8211; symbolu solidarno\u015bci z osobami \u017cyj\u0105cymi z HIV i AIDS, ich rodzinami i przyjaci\u00f3\u0142mi.<br><br>\u201eCZERWONA KOKARDKA\u201d to symbol po\u015bwi\u0119cenia i zaanga\u017cowania w walk\u0119 z AIDS, ale r\u00f3wnie\u017c symbol solidarno\u015bci z osobam&nbsp; zaka\u017conymi. Idea czerwonej kokardki powsta\u0142a w 1991r.&nbsp;Pomys\u0142 zrodzi\u0142 si\u0119 z symbolu \u017c\u00f3\u0142tej wst\u0105\u017ceczki, kt\u00f3ra upami\u0119tnia\u0142a \u017co\u0142nierzy ameryka\u0144skich uczestnicz\u0105cych w wojnie w Zatoce Perskiej. Czerwony kolor kokardki, wybrano ze wzgl\u0119du na skojarzenia, jakie wywo\u0142uje: krew, walk\u0119 i mi\u0142o\u015b\u0107.<\/p>\n\n\n\n<figure><iframe loading=\"lazy\" width=\"560\" height=\"315\" src=\"https:\/\/www.youtube.com\/embed\/Uw66a74nEeM\" allowfullscreen=\"\"><\/iframe><\/figure>\n\n\n\n<hr class=\"wp-block-separator\"\/>\n\n\n\n<p>KT<\/p>\n","protected":false},"excerpt":{"rendered":"<p>1 grudnia obchodzimy&nbsp;\u015awiatowy Dzie\u0144 AIDS&nbsp;lub&nbsp;\u015awiatowy Dzie\u0144 Walki z AIDS \u2013&nbsp;&nbsp;\u015bwi\u0119to obchodzone corocznie z inicjatywy \u015awiatowej Organizacji Zdrowia (WHO) od 1988 roku. Getting to zero (D\u0105\u017cymy do Zera) to temat tegorocznego \u015awiatowego Dnia AIDS wybrany przez \u015awiatow\u0105 Kampani\u0119 AIDS (Word AIDS Campaign). Od dw\u00f3ch lat prowadzona jest r\u00f3wnie\u017c akcja, kt\u00f3ra ma na celu upowszechnienie \u201eCzerwonej kokardki\u2019 &#8211; symbolu solidarno\u015bci z osobami \u017cyj\u0105cymi z HIV i AIDS, ich rodzinami i przyjaci\u00f3\u0142mi. \u201eCZERWONA&#8230;<\/p>\n","protected":false},"author":1,"featured_media":3253,"comment_status":"closed","ping_status":"open","sticky":false,"template":"","format":"standard","meta":{"footnotes":""},"categories":[1],"tags":[6],"class_list":["post-3252","post","type-post","status-publish","format-standard","has-post-thumbnail","hentry","category-uncategorized","tag-kt"],"_links":{"self":[{"href":"https:\/\/bursa3radom.pl\/index.php?rest_route=\/wp\/v2\/posts\/3252","targetHints":{"allow":["GET"]}}],"collection":[{"href":"https:\/\/bursa3radom.pl\/index.php?rest_route=\/wp\/v2\/posts"}],"about":[{"href":"https:\/\/bursa3radom.pl\/index.php?rest_route=\/wp\/v2\/types\/post"}],"author":[{"embeddable":true,"href":"https:\/\/bursa3radom.pl\/index.php?rest_route=\/wp\/v2\/users\/1"}],"replies":[{"embeddable":true,"href":"https:\/\/bursa3radom.pl\/index.php?rest_route=%2Fwp%2Fv2%2Fcomments&post=3252"}],"version-history":[{"count":3,"href":"https:\/\/bursa3radom.pl\/index.php?rest_route=\/wp\/v2\/posts\/3252\/revisions"}],"predecessor-version":[{"id":3529,"href":"https:\/\/bursa3radom.pl\/index.php?rest_route=\/wp\/v2\/posts\/3252\/revisions\/3529"}],"wp:featuredmedia":[{"embeddable":true,"href":"https:\/\/bursa3radom.pl\/index.php?rest_route=\/wp\/v2\/media\/3253"}],"wp:attachment":[{"href":"https:\/\/bursa3radom.pl\/index.php?rest_route=%2Fwp%2Fv2%2Fmedia&parent=3252"}],"wp:term":[{"taxonomy":"category","embeddable":true,"href":"https:\/\/bursa3radom.pl\/index.php?rest_route=%2Fwp%2Fv2%2Fcategories&post=3252"},{"taxonomy":"post_tag","embeddable":true,"href":"https:\/\/bursa3radom.pl\/index.php?rest_route=%2Fwp%2Fv2%2Ftags&post=3252"}],"curies":[{"name":"wp","href":"https:\/\/api.w.org\/{rel}","templated":true}]}}