{"id":3224,"date":"2020-11-18T11:33:17","date_gmt":"2020-11-18T11:33:17","guid":{"rendered":"http:\/\/bursa3radom.pl\/?p=3224"},"modified":"2021-05-19T16:09:52","modified_gmt":"2021-05-19T16:09:52","slug":"ogolnopolski-dzien-praw-dziecka","status":"publish","type":"post","link":"https:\/\/bursa3radom.pl\/?p=3224","title":{"rendered":"Og\u00f3lnopolski Dzie\u0144 Praw Dziecka"},"content":{"rendered":"\n<figure class=\"wp-block-image\"><img decoding=\"async\" src=\"https:\/\/cloud2.edupage.org\/cloud\/hdimg08e423fc598db6ecdd085d680d620e.jpg?z%3AQnOzz71w3D2TtdtYCHOp8ECBxVrrXniMoFCX7vnhxgU1LFNHznA%2FFiX0%2BpJ3FFHE\" alt=\"\"\/><\/figure>\n\n\n\n<p>Prawa\ncz\u0142owieka zawarte w Powszechnej Deklaracji Praw Cz\u0142owieka dotycz\u0105 ka\u017cdej osoby\nod chwili narodzin, a jeszcze dodatkowo dzieci chronione s\u0105 prawami zawartymi w\nuchwalonej dok\u0142adnie 26 lat temu Konwencji o Prawach Dziecka. Konwencja\nuchwalona z inicjatywy Polski, 20 listopada 1989 roku przez Zgromadzenie Og\u00f3lne\nNarod\u00f3w Zjednoczonych, zosta\u0142a podpisana przez wszystkie pa\u0144stwa na \u015bwiecie. <\/p>\n\n\n\n<p>Czy\nto znaczy, \u017ce prawa dziecka s\u0105 respektowane? Niestety, w wielu zak\u0105tkach \u015bwiata\ndzieci nie maj\u0105 dost\u0119pu do edukacji, opieki medycznej, bezpiecze\u0144stwa i \u017cycia w\npokoju, do schronienia, do ochrony przed wyzyskiem, do wolnego czasu i zabawy,\ndo wyra\u017cania w\u0142asnych pogl\u0105d\u00f3w, do wolno\u015bci.<\/p>\n\n\n\n<p><br>\nObowi\u0105zkiem nas doros\u0142ych jest d\u0105\u017cenie do tego,\nby prawa te by\u0142y respektowane zar\u00f3wno na naszym podw\u00f3rku, jak i w najdalszych\nzak\u0105tkach Ziemi. Na pami\u0105tk\u0119 uchwalenia Konwencji o Prawach Dziecka obchodzimy\nMi\u0119dzynarodowy Dzie\u0144 Praw Dziecka oraz &nbsp;ustanowiony\nprzez Sejm RP Og\u00f3lnopolski Dzie\u0144 Praw Dziecka.<\/p>\n\n\n\n<blockquote class=\"wp-block-quote is-layout-flow wp-block-quote-is-layout-flow\"><p><em>\u201e Chcia\u0142bym, \u017ceby by\u0142 to dzie\u0144, w kt\u00f3rym bardzo wyra\u017anie, a zarazem kompetentnie, przypominamy o tym, \u017ce prawa cz\u0142owieka zaczynaj\u0105 si\u0119 od praw dziecka, \u017ce prawa dziecka to nie jest jaki\u015b przywilej, kt\u00f3ry dzieciom si\u0119 nale\u017cy, jak s\u0105 grzeczne, one im si\u0119 nale\u017c\u0105 bo \u2013 tylko i a\u017c \u2013 s\u0105 dzie\u0107mi, s\u0105 lud\u017ami<\/em>&nbsp;.\u201d <\/p><cite>Marek Michalak, Rzecznik Praw Dziecka<\/cite><\/blockquote>\n\n\n\n<p style=\"text-align:center\"><strong>Wszystkie\ndzieci maj\u0105 prawo: <\/strong><\/p>\n\n\n\n<p>&#8211;&nbsp;\ndo \u017cycia i prawid\u0142owego rozwoju fizycznego, psychicznego i umys\u0142owego; <\/p>\n\n\n\n<p>&#8211;&nbsp; do mi\u0142o\u015bci i wychowania przez oboje rodzic\u00f3w, tak\u017ce gdy rodzice nie mieszkaj\u0105 razem&nbsp;&nbsp;&nbsp;&nbsp;&nbsp;&nbsp;&nbsp; <\/p>\n\n\n\n<p>&nbsp;&#8211;&nbsp; do\nnauki, wypoczynku i pe\u0142nej opieki medycznej, gdy zajdzie taka potrzeba;<\/p>\n\n\n\n<p> &#8211; &nbsp;do wypowiedzi, w\u0142asnego zdania w wa\u017cnych dla nich sprawach, w kt\u00f3rych doro\u015bli  powinni&nbsp; ich&nbsp; wys\u0142ucha\u0107;  <\/p>\n\n\n\n<p>&#8211;&nbsp;\ndo szanowania ich godno\u015bci i prywatno\u015bci;<\/p>\n\n\n\n<p>&nbsp;&#8211;&nbsp; do\n\u017cycia bez przemocy i poni\u017cenia; <\/p>\n\n\n\n<p>&#8211;&nbsp;&nbsp;\ndo ochrony przed z\u0142ym traktowaniem i krzywdzeniem fizycznym i\npsychicznym; <\/p>\n\n\n\n<p> &#8211;&nbsp;&nbsp; aby wszystkie sprawy w s\u0105dach i urz\u0119dach, dotycz\u0105ce dzieci, uwzgl\u0119dnia\u0142y przede  wszystkim ich dobro, a dopiero potem interesy doros\u0142ych. <\/p>\n\n\n\n<p> &nbsp; <\/p>\n\n\n\n<hr class=\"wp-block-separator\"\/>\n\n\n\n<p>MS<\/p>\n","protected":false},"excerpt":{"rendered":"<p>Prawa cz\u0142owieka zawarte w Powszechnej Deklaracji Praw Cz\u0142owieka dotycz\u0105 ka\u017cdej osoby od chwili narodzin, a jeszcze dodatkowo dzieci chronione s\u0105 prawami zawartymi w uchwalonej dok\u0142adnie 26 lat temu Konwencji o Prawach Dziecka. Konwencja uchwalona z inicjatywy Polski, 20 listopada 1989 roku przez Zgromadzenie Og\u00f3lne Narod\u00f3w Zjednoczonych, zosta\u0142a podpisana przez wszystkie pa\u0144stwa na \u015bwiecie. Czy to znaczy, \u017ce prawa dziecka s\u0105 respektowane? Niestety, w wielu zak\u0105tkach \u015bwiata dzieci nie maj\u0105 dost\u0119pu&#8230;<\/p>\n","protected":false},"author":1,"featured_media":3225,"comment_status":"closed","ping_status":"open","sticky":false,"template":"","format":"standard","meta":{"footnotes":""},"categories":[1],"tags":[5],"class_list":["post-3224","post","type-post","status-publish","format-standard","has-post-thumbnail","hentry","category-uncategorized","tag-ms"],"_links":{"self":[{"href":"https:\/\/bursa3radom.pl\/index.php?rest_route=\/wp\/v2\/posts\/3224","targetHints":{"allow":["GET"]}}],"collection":[{"href":"https:\/\/bursa3radom.pl\/index.php?rest_route=\/wp\/v2\/posts"}],"about":[{"href":"https:\/\/bursa3radom.pl\/index.php?rest_route=\/wp\/v2\/types\/post"}],"author":[{"embeddable":true,"href":"https:\/\/bursa3radom.pl\/index.php?rest_route=\/wp\/v2\/users\/1"}],"replies":[{"embeddable":true,"href":"https:\/\/bursa3radom.pl\/index.php?rest_route=%2Fwp%2Fv2%2Fcomments&post=3224"}],"version-history":[{"count":3,"href":"https:\/\/bursa3radom.pl\/index.php?rest_route=\/wp\/v2\/posts\/3224\/revisions"}],"predecessor-version":[{"id":3531,"href":"https:\/\/bursa3radom.pl\/index.php?rest_route=\/wp\/v2\/posts\/3224\/revisions\/3531"}],"wp:featuredmedia":[{"embeddable":true,"href":"https:\/\/bursa3radom.pl\/index.php?rest_route=\/wp\/v2\/media\/3225"}],"wp:attachment":[{"href":"https:\/\/bursa3radom.pl\/index.php?rest_route=%2Fwp%2Fv2%2Fmedia&parent=3224"}],"wp:term":[{"taxonomy":"category","embeddable":true,"href":"https:\/\/bursa3radom.pl\/index.php?rest_route=%2Fwp%2Fv2%2Fcategories&post=3224"},{"taxonomy":"post_tag","embeddable":true,"href":"https:\/\/bursa3radom.pl\/index.php?rest_route=%2Fwp%2Fv2%2Ftags&post=3224"}],"curies":[{"name":"wp","href":"https:\/\/api.w.org\/{rel}","templated":true}]}}