{"id":3175,"date":"2020-11-12T10:25:25","date_gmt":"2020-11-12T10:25:25","guid":{"rendered":"http:\/\/bursa3radom.pl\/?p=3175"},"modified":"2021-05-19T16:10:23","modified_gmt":"2021-05-19T16:10:23","slug":"narodowe-swieto-niepodleglosci-11-11-2020","status":"publish","type":"post","link":"https:\/\/bursa3radom.pl\/?p=3175","title":{"rendered":"Narodowe \u015awi\u0119to Niepodleg\u0142o\u015bci 11.11.2020"},"content":{"rendered":"\n<p>Setn\u0105 rocznic\u0119 odzyskania niepodleg\u0142o\u015bci wsp\u00f3lnota bursalna uczci\u0142a uroczystym od\u015bpiewaniem Mazurka D\u0105browskiego i na pami\u0105tk\u0119 tego wydarzenia zosta\u0142a posadzona przez m\u0142odzie\u017c brzoza. W tym roku nie dane nam by\u0142o wsp\u00f3lnie obchodzi\u0107 Narodowego \u015awi\u0119ta Niepodleg\u0142o\u015bci. Nie odby\u0142 si\u0119 te\u017c tradycyjny w naszej bursie Wiecz\u00f3r Pie\u015bni Patriotycznych. Mamy nadziej\u0119, \u017ce kolejn\u0105 rocznic\u0119 b\u0119dziemy \u015bwi\u0119towa\u0107 w tak licznym gronie, jak by\u0142o to dwa lata temu.<\/p>\n\n\n\n<ul class=\"wp-block-gallery columns-1 is-cropped wp-block-gallery-1 is-layout-flex wp-block-gallery-is-layout-flex\"><li class=\"blocks-gallery-item\"><figure><a href=\"http:\/\/bursa3radom.pl\/wp-content\/uploads\/2020\/11\/DSC00920-1024x768.jpg\"><img loading=\"lazy\" decoding=\"async\" width=\"1024\" height=\"768\" src=\"http:\/\/bursa3radom.pl\/wp-content\/uploads\/2020\/11\/DSC00920-1024x768.jpg\" alt=\"\" data-id=\"3176\" data-link=\"http:\/\/bursa3radom.pl\/?attachment_id=3176\" class=\"wp-image-3176\" srcset=\"https:\/\/bursa3radom.pl\/wp-content\/uploads\/2020\/11\/DSC00920-1024x768.jpg 1024w, https:\/\/bursa3radom.pl\/wp-content\/uploads\/2020\/11\/DSC00920-300x225.jpg 300w, https:\/\/bursa3radom.pl\/wp-content\/uploads\/2020\/11\/DSC00920-768x576.jpg 768w, https:\/\/bursa3radom.pl\/wp-content\/uploads\/2020\/11\/DSC00920-100x75.jpg 100w\" sizes=\"auto, (max-width: 1024px) 100vw, 1024px\" \/><\/a><\/figure><\/li><\/ul>\n\n\n\n<p>Tak wygl\u0105da dzisiaj brzoza &#8211; \u017cywy pomnik pami\u0119ci. <\/p>\n\n\n\n<ul class=\"wp-block-gallery columns-1 is-cropped wp-block-gallery-2 is-layout-flex wp-block-gallery-is-layout-flex\"><li class=\"blocks-gallery-item\"><figure><a href=\"http:\/\/bursa3radom.pl\/wp-content\/uploads\/2020\/11\/IMG_20201112_102945356-768x1024.jpg\"><img loading=\"lazy\" decoding=\"async\" width=\"768\" height=\"1024\" src=\"http:\/\/bursa3radom.pl\/wp-content\/uploads\/2020\/11\/IMG_20201112_102945356-768x1024.jpg\" alt=\"\" data-id=\"3180\" data-link=\"http:\/\/bursa3radom.pl\/?attachment_id=3180\" class=\"wp-image-3180\" srcset=\"https:\/\/bursa3radom.pl\/wp-content\/uploads\/2020\/11\/IMG_20201112_102945356-768x1024.jpg 768w, https:\/\/bursa3radom.pl\/wp-content\/uploads\/2020\/11\/IMG_20201112_102945356-225x300.jpg 225w\" sizes=\"auto, (max-width: 768px) 100vw, 768px\" \/><\/a><\/figure><\/li><\/ul>\n\n\n\n<ul class=\"wp-block-gallery columns-1 is-cropped wp-block-gallery-3 is-layout-flex wp-block-gallery-is-layout-flex\"><li class=\"blocks-gallery-item\"><figure><a href=\"http:\/\/bursa3radom.pl\/wp-content\/uploads\/2020\/11\/IMG_20201112_103057406-768x1024.jpg\"><img loading=\"lazy\" decoding=\"async\" width=\"768\" height=\"1024\" src=\"http:\/\/bursa3radom.pl\/wp-content\/uploads\/2020\/11\/IMG_20201112_103057406-768x1024.jpg\" alt=\"\" data-id=\"3177\" data-link=\"http:\/\/bursa3radom.pl\/?attachment_id=3177\" class=\"wp-image-3177\" srcset=\"https:\/\/bursa3radom.pl\/wp-content\/uploads\/2020\/11\/IMG_20201112_103057406-768x1024.jpg 768w, https:\/\/bursa3radom.pl\/wp-content\/uploads\/2020\/11\/IMG_20201112_103057406-225x300.jpg 225w\" sizes=\"auto, (max-width: 768px) 100vw, 768px\" \/><\/a><\/figure><\/li><\/ul>\n\n\n\n<hr class=\"wp-block-separator\"\/>\n\n\n\n<p>KT, MZ<\/p>\n","protected":false},"excerpt":{"rendered":"<p>Setn\u0105 rocznic\u0119 odzyskania niepodleg\u0142o\u015bci wsp\u00f3lnota bursalna uczci\u0142a uroczystym od\u015bpiewaniem Mazurka D\u0105browskiego i na pami\u0105tk\u0119 tego wydarzenia zosta\u0142a posadzona przez m\u0142odzie\u017c brzoza. W tym roku nie dane nam by\u0142o wsp\u00f3lnie obchodzi\u0107 Narodowego \u015awi\u0119ta Niepodleg\u0142o\u015bci. Nie odby\u0142 si\u0119 te\u017c tradycyjny w naszej bursie Wiecz\u00f3r Pie\u015bni Patriotycznych. Mamy nadziej\u0119, \u017ce kolejn\u0105 rocznic\u0119 b\u0119dziemy \u015bwi\u0119towa\u0107 w tak licznym gronie, jak by\u0142o to dwa lata temu. Tak wygl\u0105da dzisiaj brzoza &#8211; \u017cywy pomnik pami\u0119ci. KT,&#8230;<\/p>\n","protected":false},"author":1,"featured_media":3178,"comment_status":"closed","ping_status":"open","sticky":false,"template":"","format":"standard","meta":{"footnotes":""},"categories":[1],"tags":[6,4],"class_list":["post-3175","post","type-post","status-publish","format-standard","has-post-thumbnail","hentry","category-uncategorized","tag-kt","tag-mz"],"_links":{"self":[{"href":"https:\/\/bursa3radom.pl\/index.php?rest_route=\/wp\/v2\/posts\/3175","targetHints":{"allow":["GET"]}}],"collection":[{"href":"https:\/\/bursa3radom.pl\/index.php?rest_route=\/wp\/v2\/posts"}],"about":[{"href":"https:\/\/bursa3radom.pl\/index.php?rest_route=\/wp\/v2\/types\/post"}],"author":[{"embeddable":true,"href":"https:\/\/bursa3radom.pl\/index.php?rest_route=\/wp\/v2\/users\/1"}],"replies":[{"embeddable":true,"href":"https:\/\/bursa3radom.pl\/index.php?rest_route=%2Fwp%2Fv2%2Fcomments&post=3175"}],"version-history":[{"count":5,"href":"https:\/\/bursa3radom.pl\/index.php?rest_route=\/wp\/v2\/posts\/3175\/revisions"}],"predecessor-version":[{"id":3534,"href":"https:\/\/bursa3radom.pl\/index.php?rest_route=\/wp\/v2\/posts\/3175\/revisions\/3534"}],"wp:featuredmedia":[{"embeddable":true,"href":"https:\/\/bursa3radom.pl\/index.php?rest_route=\/wp\/v2\/media\/3178"}],"wp:attachment":[{"href":"https:\/\/bursa3radom.pl\/index.php?rest_route=%2Fwp%2Fv2%2Fmedia&parent=3175"}],"wp:term":[{"taxonomy":"category","embeddable":true,"href":"https:\/\/bursa3radom.pl\/index.php?rest_route=%2Fwp%2Fv2%2Fcategories&post=3175"},{"taxonomy":"post_tag","embeddable":true,"href":"https:\/\/bursa3radom.pl\/index.php?rest_route=%2Fwp%2Fv2%2Ftags&post=3175"}],"curies":[{"name":"wp","href":"https:\/\/api.w.org\/{rel}","templated":true}]}}