{"id":3167,"date":"2020-11-02T08:23:04","date_gmt":"2020-11-02T08:23:04","guid":{"rendered":"http:\/\/bursa3radom.pl\/?p=3167"},"modified":"2021-05-19T16:10:30","modified_gmt":"2021-05-19T16:10:30","slug":"1-listopada-dzien-zadumy","status":"publish","type":"post","link":"https:\/\/bursa3radom.pl\/?p=3167","title":{"rendered":"1 listopada &#8211; dzie\u0144 zadumy&#8230;"},"content":{"rendered":"\n<p> <br><em>&#8222;S\u0105 dni pe\u0142ne rado\u015bci, szcz\u0119\u015bcia i uniesie\u0144. Ale s\u0105 te\u017c inne &#8211; pe\u0142ne zadumy i refleksji. I taki jest listopadowy dzie\u0144, kiedy to przychodzimy na cmentarze, zapalamy znicze, wspominamy, t\u0119sknimy i&#8230; odchodzimy. Niestety, \u017cycie ma sw\u00f3j pocz\u0105tek i sw\u00f3j koniec. Tylko od nas zale\u017cy, co ocalimy i o czym b\u0119dziemy pami\u0119ta\u0107&#8230;<\/em>&#8221; <\/p>\n\n\n\n<p>Wychowawcy Bursy Szkolnej Nr 3 w Radomiu dbaj\u0105 o to, by pami\u0119\u0107 o zmar\u0142ych wci\u0105\u017c by\u0142a \u017cywa. Podejmuj\u0105c si\u0119 tego zadania wraz z wychowankami dbaj\u0105 o obelisk pomordowanych przy ul. Warszawskiej. W tym szczeg\u00f3lnym dniu zadumy, r\u00f3wnie\u017c nie mog\u0142o zabrakn\u0105\u0107 \u015bwiat\u0142a pami\u0119ci.<\/p>\n\n\n\n<p><\/p>\n\n\n\n<div class=\"wp-block-image\"><figure class=\"aligncenter\"><img loading=\"lazy\" decoding=\"async\" width=\"326\" height=\"579\" src=\"http:\/\/bursa3radom.pl\/wp-content\/uploads\/2020\/11\/POMNIK-1.jpg\" alt=\"\" class=\"wp-image-3168\" srcset=\"https:\/\/bursa3radom.pl\/wp-content\/uploads\/2020\/11\/POMNIK-1.jpg 326w, https:\/\/bursa3radom.pl\/wp-content\/uploads\/2020\/11\/POMNIK-1-169x300.jpg 169w\" sizes=\"auto, (max-width: 326px) 100vw, 326px\" \/><\/figure><\/div>\n\n\n\n<div class=\"wp-block-image\"><figure class=\"aligncenter\"><img loading=\"lazy\" decoding=\"async\" width=\"326\" height=\"579\" src=\"http:\/\/bursa3radom.pl\/wp-content\/uploads\/2020\/11\/POMNIK.jpg\" alt=\"\" class=\"wp-image-3169\" srcset=\"https:\/\/bursa3radom.pl\/wp-content\/uploads\/2020\/11\/POMNIK.jpg 326w, https:\/\/bursa3radom.pl\/wp-content\/uploads\/2020\/11\/POMNIK-169x300.jpg 169w\" sizes=\"auto, (max-width: 326px) 100vw, 326px\" \/><figcaption> <br>M\u0142odzie\u017c pod opiek\u0105 wychowawczyni grupy IV z\u0142o\u017cy\u0142a wieniec i zapali\u0142a znicz, oddaj\u0105c ho\u0142d ofiarom II Wojny \u015awiatowej. <\/figcaption><\/figure><\/div>\n\n\n\n<hr class=\"wp-block-separator\"\/>\n\n\n\n<p>KT<\/p>\n","protected":false},"excerpt":{"rendered":"<p>&#8222;S\u0105 dni pe\u0142ne rado\u015bci, szcz\u0119\u015bcia i uniesie\u0144. Ale s\u0105 te\u017c inne &#8211; pe\u0142ne zadumy i refleksji. I taki jest listopadowy dzie\u0144, kiedy to przychodzimy na cmentarze, zapalamy znicze, wspominamy, t\u0119sknimy i&#8230; odchodzimy. Niestety, \u017cycie ma sw\u00f3j pocz\u0105tek i sw\u00f3j koniec. Tylko od nas zale\u017cy, co ocalimy i o czym b\u0119dziemy pami\u0119ta\u0107&#8230;&#8221; Wychowawcy Bursy Szkolnej Nr 3 w Radomiu dbaj\u0105 o to, by pami\u0119\u0107 o zmar\u0142ych wci\u0105\u017c by\u0142a \u017cywa. Podejmuj\u0105c si\u0119&#8230;<\/p>\n","protected":false},"author":1,"featured_media":0,"comment_status":"closed","ping_status":"open","sticky":false,"template":"","format":"standard","meta":{"footnotes":""},"categories":[1],"tags":[6],"class_list":["post-3167","post","type-post","status-publish","format-standard","hentry","category-uncategorized","tag-kt"],"_links":{"self":[{"href":"https:\/\/bursa3radom.pl\/index.php?rest_route=\/wp\/v2\/posts\/3167","targetHints":{"allow":["GET"]}}],"collection":[{"href":"https:\/\/bursa3radom.pl\/index.php?rest_route=\/wp\/v2\/posts"}],"about":[{"href":"https:\/\/bursa3radom.pl\/index.php?rest_route=\/wp\/v2\/types\/post"}],"author":[{"embeddable":true,"href":"https:\/\/bursa3radom.pl\/index.php?rest_route=\/wp\/v2\/users\/1"}],"replies":[{"embeddable":true,"href":"https:\/\/bursa3radom.pl\/index.php?rest_route=%2Fwp%2Fv2%2Fcomments&post=3167"}],"version-history":[{"count":2,"href":"https:\/\/bursa3radom.pl\/index.php?rest_route=\/wp\/v2\/posts\/3167\/revisions"}],"predecessor-version":[{"id":3535,"href":"https:\/\/bursa3radom.pl\/index.php?rest_route=\/wp\/v2\/posts\/3167\/revisions\/3535"}],"wp:attachment":[{"href":"https:\/\/bursa3radom.pl\/index.php?rest_route=%2Fwp%2Fv2%2Fmedia&parent=3167"}],"wp:term":[{"taxonomy":"category","embeddable":true,"href":"https:\/\/bursa3radom.pl\/index.php?rest_route=%2Fwp%2Fv2%2Fcategories&post=3167"},{"taxonomy":"post_tag","embeddable":true,"href":"https:\/\/bursa3radom.pl\/index.php?rest_route=%2Fwp%2Fv2%2Ftags&post=3167"}],"curies":[{"name":"wp","href":"https:\/\/api.w.org\/{rel}","templated":true}]}}