{"id":3148,"date":"2020-10-08T16:36:10","date_gmt":"2020-10-08T16:36:10","guid":{"rendered":"http:\/\/bursa3radom.pl\/?p=3148"},"modified":"2020-10-08T16:36:11","modified_gmt":"2020-10-08T16:36:11","slug":"dzien-komisji-edukacji-narodowej","status":"publish","type":"post","link":"https:\/\/bursa3radom.pl\/?p=3148","title":{"rendered":"Dzie\u0144 Komisji Edukacji Narodowej"},"content":{"rendered":"\n<p>Grupa III zaprasza na akademi\u0119 z okazji Dnia Komisji Edukacji Narodowej. Szczeg\u00f3\u0142y podano poni\u017cej.<\/p>\n\n\n\n<figure class=\"wp-block-image\"><img loading=\"lazy\" decoding=\"async\" width=\"611\" height=\"811\" src=\"http:\/\/bursa3radom.pl\/wp-content\/uploads\/2020\/10\/Bez-tytu\u0142u.png\" alt=\"\" class=\"wp-image-3149\" srcset=\"https:\/\/bursa3radom.pl\/wp-content\/uploads\/2020\/10\/Bez-tytu\u0142u.png 611w, https:\/\/bursa3radom.pl\/wp-content\/uploads\/2020\/10\/Bez-tytu\u0142u-226x300.png 226w\" sizes=\"auto, (max-width: 611px) 100vw, 611px\" \/><\/figure>\n","protected":false},"excerpt":{"rendered":"<p>Grupa III zaprasza na akademi\u0119 z okazji Dnia Komisji Edukacji Narodowej. Szczeg\u00f3\u0142y podano poni\u017cej.<\/p>\n","protected":false},"author":1,"featured_media":0,"comment_status":"closed","ping_status":"open","sticky":false,"template":"","format":"standard","meta":{"footnotes":""},"categories":[1],"tags":[],"class_list":["post-3148","post","type-post","status-publish","format-standard","hentry","category-uncategorized"],"_links":{"self":[{"href":"https:\/\/bursa3radom.pl\/index.php?rest_route=\/wp\/v2\/posts\/3148","targetHints":{"allow":["GET"]}}],"collection":[{"href":"https:\/\/bursa3radom.pl\/index.php?rest_route=\/wp\/v2\/posts"}],"about":[{"href":"https:\/\/bursa3radom.pl\/index.php?rest_route=\/wp\/v2\/types\/post"}],"author":[{"embeddable":true,"href":"https:\/\/bursa3radom.pl\/index.php?rest_route=\/wp\/v2\/users\/1"}],"replies":[{"embeddable":true,"href":"https:\/\/bursa3radom.pl\/index.php?rest_route=%2Fwp%2Fv2%2Fcomments&post=3148"}],"version-history":[{"count":1,"href":"https:\/\/bursa3radom.pl\/index.php?rest_route=\/wp\/v2\/posts\/3148\/revisions"}],"predecessor-version":[{"id":3150,"href":"https:\/\/bursa3radom.pl\/index.php?rest_route=\/wp\/v2\/posts\/3148\/revisions\/3150"}],"wp:attachment":[{"href":"https:\/\/bursa3radom.pl\/index.php?rest_route=%2Fwp%2Fv2%2Fmedia&parent=3148"}],"wp:term":[{"taxonomy":"category","embeddable":true,"href":"https:\/\/bursa3radom.pl\/index.php?rest_route=%2Fwp%2Fv2%2Fcategories&post=3148"},{"taxonomy":"post_tag","embeddable":true,"href":"https:\/\/bursa3radom.pl\/index.php?rest_route=%2Fwp%2Fv2%2Ftags&post=3148"}],"curies":[{"name":"wp","href":"https:\/\/api.w.org\/{rel}","templated":true}]}}