{"id":3103,"date":"2020-08-26T21:11:36","date_gmt":"2020-08-26T21:11:36","guid":{"rendered":"http:\/\/bursa3radom.pl\/?p=3103"},"modified":"2020-08-26T21:11:38","modified_gmt":"2020-08-26T21:11:38","slug":"wazne-informacje","status":"publish","type":"post","link":"https:\/\/bursa3radom.pl\/?p=3103","title":{"rendered":"WA\u017bNE INFORMACJE"},"content":{"rendered":"\n<p>W dniu 31.08.2020 r. od godz. 14.00 Bursa Szkolna Nr 3 rozpoczyna dzia\u0142alno\u015b\u0107 po d\u0142ugiej przerwie. Zapraszamy wszystkich wychowank\u00f3w kontynuuj\u0105cych oraz nowych wychowank\u00f3w, kt\u00f3rzy dostali si\u0119 z rekrutacji elektronicznej. <\/p>\n\n\n\n<p>Jednocze\u015bnie informujemy, \u017ce strona Bursy staje si\u0119 g\u0142\u00f3wnym \u017ar\u00f3d\u0142em informacji dla wychowank\u00f3w i rodzic\u00f3w. B\u0119dziemy na bie\u017c\u0105co umieszcza\u0107 aktualne komunikaty, apelujemy o \u015bledzenie aktualno\u015bci.<\/p>\n\n\n\n<p>Informacje na temat kwaterowania znajduj\u0105 si\u0119 w osobnym wpisie  <br><a href=\"http:\/\/bursa3radom.pl\/?p=3096\">http:\/\/bursa3radom.pl\/?p=3096<\/a> <\/p>\n","protected":false},"excerpt":{"rendered":"<p>W dniu 31.08.2020 r. od godz. 14.00 Bursa Szkolna Nr 3 rozpoczyna dzia\u0142alno\u015b\u0107 po d\u0142ugiej przerwie. Zapraszamy wszystkich wychowank\u00f3w kontynuuj\u0105cych oraz nowych wychowank\u00f3w, kt\u00f3rzy dostali si\u0119 z rekrutacji elektronicznej. Jednocze\u015bnie informujemy, \u017ce strona Bursy staje si\u0119 g\u0142\u00f3wnym \u017ar\u00f3d\u0142em informacji dla wychowank\u00f3w i rodzic\u00f3w. B\u0119dziemy na bie\u017c\u0105co umieszcza\u0107 aktualne komunikaty, apelujemy o \u015bledzenie aktualno\u015bci. Informacje na temat kwaterowania znajduj\u0105 si\u0119 w osobnym wpisie http:\/\/bursa3radom.pl\/?p=3096<\/p>\n","protected":false},"author":1,"featured_media":0,"comment_status":"closed","ping_status":"open","sticky":false,"template":"","format":"standard","meta":{"footnotes":""},"categories":[1],"tags":[],"class_list":["post-3103","post","type-post","status-publish","format-standard","hentry","category-uncategorized"],"_links":{"self":[{"href":"https:\/\/bursa3radom.pl\/index.php?rest_route=\/wp\/v2\/posts\/3103","targetHints":{"allow":["GET"]}}],"collection":[{"href":"https:\/\/bursa3radom.pl\/index.php?rest_route=\/wp\/v2\/posts"}],"about":[{"href":"https:\/\/bursa3radom.pl\/index.php?rest_route=\/wp\/v2\/types\/post"}],"author":[{"embeddable":true,"href":"https:\/\/bursa3radom.pl\/index.php?rest_route=\/wp\/v2\/users\/1"}],"replies":[{"embeddable":true,"href":"https:\/\/bursa3radom.pl\/index.php?rest_route=%2Fwp%2Fv2%2Fcomments&post=3103"}],"version-history":[{"count":1,"href":"https:\/\/bursa3radom.pl\/index.php?rest_route=\/wp\/v2\/posts\/3103\/revisions"}],"predecessor-version":[{"id":3104,"href":"https:\/\/bursa3radom.pl\/index.php?rest_route=\/wp\/v2\/posts\/3103\/revisions\/3104"}],"wp:attachment":[{"href":"https:\/\/bursa3radom.pl\/index.php?rest_route=%2Fwp%2Fv2%2Fmedia&parent=3103"}],"wp:term":[{"taxonomy":"category","embeddable":true,"href":"https:\/\/bursa3radom.pl\/index.php?rest_route=%2Fwp%2Fv2%2Fcategories&post=3103"},{"taxonomy":"post_tag","embeddable":true,"href":"https:\/\/bursa3radom.pl\/index.php?rest_route=%2Fwp%2Fv2%2Ftags&post=3103"}],"curies":[{"name":"wp","href":"https:\/\/api.w.org\/{rel}","templated":true}]}}