{"id":3052,"date":"2020-07-01T10:58:10","date_gmt":"2020-07-01T10:58:10","guid":{"rendered":"http:\/\/bursa3radom.pl\/?p=3052"},"modified":"2020-09-23T17:54:35","modified_gmt":"2020-09-23T17:54:35","slug":"podziekowania-dla-instytucji","status":"publish","type":"post","link":"https:\/\/bursa3radom.pl\/?p=3052","title":{"rendered":"Podzi\u0119kowania dla instytucji"},"content":{"rendered":"\n<p>Bursa w roku szkolnym 2019\/2020 wsp\u00f3\u0142pracowa\u0142a z nast\u0119puj\u0105cymi instytucjami wspieraj\u0105cymi prac\u0119 opieku\u0144czo-wychowawcz\u0105:<\/p>\n\n\n\n<p>Stra\u017c Miejska, Komenda Wojew\u00f3dzka Policji, Poradnia Psychologiczno-Pedagogiczna Nr 3, Parafia Matki Boskiej Bolesnej, MSCDN, Miejski O\u015brodek Kultury &#8222;Amfiteatr&#8221;. <\/p>\n\n\n\n<p style=\"text-align:center\">Dyrektor, m\u0142odzie\u017c bursy oraz Grono Pedagogiczne  sk\u0142ada serdeczne podzi\u0119kowania za owocn\u0105 wsp\u00f3\u0142prac\u0119.<\/p>\n\n\n\n<p style=\"text-align:center\">Dzi\u0119kujemy tak\u017ce Zespo\u0142owi Szk\u00f3\u0142 Sk\u00f3rzano-Odzie\u017cowych, Stylizacji i Us\u0142ug za umo\u017cliwienie korzystania z sali gimnastycznej oraz VII L.O. im. K. Baczy\u0144skiego za dost\u0119p do Orlika.<\/p>\n","protected":false},"excerpt":{"rendered":"<p>Bursa w roku szkolnym 2019\/2020 wsp\u00f3\u0142pracowa\u0142a z nast\u0119puj\u0105cymi instytucjami wspieraj\u0105cymi prac\u0119 opieku\u0144czo-wychowawcz\u0105: Stra\u017c Miejska, Komenda Wojew\u00f3dzka Policji, Poradnia Psychologiczno-Pedagogiczna Nr 3, Parafia Matki Boskiej Bolesnej, MSCDN, Miejski O\u015brodek Kultury &#8222;Amfiteatr&#8221;. Dyrektor, m\u0142odzie\u017c bursy oraz Grono Pedagogiczne sk\u0142ada serdeczne podzi\u0119kowania za owocn\u0105 wsp\u00f3\u0142prac\u0119. Dzi\u0119kujemy tak\u017ce Zespo\u0142owi Szk\u00f3\u0142 Sk\u00f3rzano-Odzie\u017cowych, Stylizacji i Us\u0142ug za umo\u017cliwienie korzystania z sali gimnastycznej oraz VII L.O. im. K. Baczy\u0144skiego za dost\u0119p do Orlika.<\/p>\n","protected":false},"author":1,"featured_media":0,"comment_status":"closed","ping_status":"open","sticky":false,"template":"","format":"standard","meta":{"footnotes":""},"categories":[1],"tags":[],"class_list":["post-3052","post","type-post","status-publish","format-standard","hentry","category-uncategorized"],"_links":{"self":[{"href":"https:\/\/bursa3radom.pl\/index.php?rest_route=\/wp\/v2\/posts\/3052","targetHints":{"allow":["GET"]}}],"collection":[{"href":"https:\/\/bursa3radom.pl\/index.php?rest_route=\/wp\/v2\/posts"}],"about":[{"href":"https:\/\/bursa3radom.pl\/index.php?rest_route=\/wp\/v2\/types\/post"}],"author":[{"embeddable":true,"href":"https:\/\/bursa3radom.pl\/index.php?rest_route=\/wp\/v2\/users\/1"}],"replies":[{"embeddable":true,"href":"https:\/\/bursa3radom.pl\/index.php?rest_route=%2Fwp%2Fv2%2Fcomments&post=3052"}],"version-history":[{"count":5,"href":"https:\/\/bursa3radom.pl\/index.php?rest_route=\/wp\/v2\/posts\/3052\/revisions"}],"predecessor-version":[{"id":3127,"href":"https:\/\/bursa3radom.pl\/index.php?rest_route=\/wp\/v2\/posts\/3052\/revisions\/3127"}],"wp:attachment":[{"href":"https:\/\/bursa3radom.pl\/index.php?rest_route=%2Fwp%2Fv2%2Fmedia&parent=3052"}],"wp:term":[{"taxonomy":"category","embeddable":true,"href":"https:\/\/bursa3radom.pl\/index.php?rest_route=%2Fwp%2Fv2%2Fcategories&post=3052"},{"taxonomy":"post_tag","embeddable":true,"href":"https:\/\/bursa3radom.pl\/index.php?rest_route=%2Fwp%2Fv2%2Ftags&post=3052"}],"curies":[{"name":"wp","href":"https:\/\/api.w.org\/{rel}","templated":true}]}}