{"id":2977,"date":"2020-05-18T12:51:38","date_gmt":"2020-05-18T12:51:38","guid":{"rendered":"http:\/\/bursa3radom.pl\/?p=2977"},"modified":"2020-05-18T12:53:54","modified_gmt":"2020-05-18T12:53:54","slug":"100-rocznica-urodzin-jana-pawla-ii","status":"publish","type":"post","link":"https:\/\/bursa3radom.pl\/?p=2977","title":{"rendered":"100 rocznica urodzin Jana Paw\u0142a II"},"content":{"rendered":"\n<figure class=\"wp-block-image\"><a href=\"https:\/\/8.allegroimg.com\/s512\/0638ce\/9d84f88647668dd71b34769de9e8\/Naklejki-Cytaty-scienne-na-sciane-napisy-Jan-Pawel\"><img decoding=\"async\" src=\"https:\/\/8.allegroimg.com\/s512\/0638ce\/9d84f88647668dd71b34769de9e8\/Naklejki-Cytaty-scienne-na-sciane-napisy-Jan-Pawel\" alt=\"\"\/><\/a><\/figure>\n\n\n\n<p>Dzi\u015b, 18 maja 2020 roku, obchodzimy setn\u0105 rocznic\u0119 urodzin Jana Paw\u0142a II. To bez w\u0105tpienia jeden ze wsp\u00f3\u0142czesnych autorytet\u00f3w. Przy okazji przypominamy, \u017ce w 1991 roku Jan Pawe\u0142 II odwiedzi\u0142 nasze miasto podczas jednej ze swoich pielgrzymek.  <br>To z pewno\u015bci\u0105 by\u0142o jedno z najwa\u017cniejszych wydarze\u0144 w historii Radomia. We mszy \u015bwi\u0119tej odprawionej na p\u0142ycie lotniska na Sadkowie uczestniczy\u0142o prawie p\u00f3\u0142 miliona wiernych. <\/p>\n\n\n\n<figure class=\"wp-block-image\"><img decoding=\"async\" src=\"https:\/\/bi.im-g.pl\/im\/ef\/65\/16\/z23482863V,Wizyta-Jana-Pawla-II-w-Radomiu-4-czerwca-1991-r-.jpg\" alt=\"\"\/><figcaption>Msza \u015awi\u0119ta na lotnisku Sadk\u00f3w<\/figcaption><\/figure>\n\n\n\n<figure class=\"wp-block-image\"><img decoding=\"async\" src=\"https:\/\/d-pt.ppstatic.pl\/k\/r\/1\/39\/b6\/55facbd46dcc8_p.jpg?1585815452\" alt=\"\"\/><figcaption>Jan Pawe\u0142 II w Wy\u017cszym Seminarium Duchownym w Radomiu, 1991 <\/figcaption><\/figure>\n","protected":false},"excerpt":{"rendered":"<p>Dzi\u015b, 18 maja 2020 roku, obchodzimy setn\u0105 rocznic\u0119 urodzin Jana Paw\u0142a II. To bez w\u0105tpienia jeden ze wsp\u00f3\u0142czesnych autorytet\u00f3w. Przy okazji przypominamy, \u017ce w 1991 roku Jan Pawe\u0142 II odwiedzi\u0142 nasze miasto podczas jednej ze swoich pielgrzymek. To z pewno\u015bci\u0105 by\u0142o jedno z najwa\u017cniejszych wydarze\u0144 w historii Radomia. We mszy \u015bwi\u0119tej odprawionej na p\u0142ycie lotniska na Sadkowie uczestniczy\u0142o prawie p\u00f3\u0142 miliona wiernych.<\/p>\n","protected":false},"author":1,"featured_media":0,"comment_status":"closed","ping_status":"open","sticky":false,"template":"","format":"standard","meta":{"footnotes":""},"categories":[1],"tags":[],"class_list":["post-2977","post","type-post","status-publish","format-standard","hentry","category-uncategorized"],"_links":{"self":[{"href":"https:\/\/bursa3radom.pl\/index.php?rest_route=\/wp\/v2\/posts\/2977","targetHints":{"allow":["GET"]}}],"collection":[{"href":"https:\/\/bursa3radom.pl\/index.php?rest_route=\/wp\/v2\/posts"}],"about":[{"href":"https:\/\/bursa3radom.pl\/index.php?rest_route=\/wp\/v2\/types\/post"}],"author":[{"embeddable":true,"href":"https:\/\/bursa3radom.pl\/index.php?rest_route=\/wp\/v2\/users\/1"}],"replies":[{"embeddable":true,"href":"https:\/\/bursa3radom.pl\/index.php?rest_route=%2Fwp%2Fv2%2Fcomments&post=2977"}],"version-history":[{"count":2,"href":"https:\/\/bursa3radom.pl\/index.php?rest_route=\/wp\/v2\/posts\/2977\/revisions"}],"predecessor-version":[{"id":2979,"href":"https:\/\/bursa3radom.pl\/index.php?rest_route=\/wp\/v2\/posts\/2977\/revisions\/2979"}],"wp:attachment":[{"href":"https:\/\/bursa3radom.pl\/index.php?rest_route=%2Fwp%2Fv2%2Fmedia&parent=2977"}],"wp:term":[{"taxonomy":"category","embeddable":true,"href":"https:\/\/bursa3radom.pl\/index.php?rest_route=%2Fwp%2Fv2%2Fcategories&post=2977"},{"taxonomy":"post_tag","embeddable":true,"href":"https:\/\/bursa3radom.pl\/index.php?rest_route=%2Fwp%2Fv2%2Ftags&post=2977"}],"curies":[{"name":"wp","href":"https:\/\/api.w.org\/{rel}","templated":true}]}}