{"id":2919,"date":"2020-04-30T18:50:15","date_gmt":"2020-04-30T18:50:15","guid":{"rendered":"http:\/\/bursa3radom.pl\/?p=2919"},"modified":"2020-05-04T10:21:17","modified_gmt":"2020-05-04T10:21:17","slug":"pamietamy","status":"publish","type":"post","link":"https:\/\/bursa3radom.pl\/?p=2919","title":{"rendered":"Pami\u0119tamy&#8230;"},"content":{"rendered":"\n<p>Od lat kwiecie\u0144 nazywany jest Miesi\u0105cem Pami\u0119ci Narodowej, kiedy to mamy okazj\u0119 do przypomnienia wa\u017cnych wydarze\u0144 z historii narodu polskiego. To r\u00f3wnie\u017c okazja do z\u0142o\u017cenia ho\u0142du bohaterom i ofiarom tragedii, podczas kt\u00f3rych zwyci\u0119\u017cali i gin\u0119li za nasz kraj, nasz\u0105 wolno\u015b\u0107 i niepodleg\u0142o\u015b\u0107. Jako spo\u0142eczno\u015b\u0107 Bursy jeste\u015bmy odpowiedzialni za Pomnik Ofiar II Wojny \u015awiatowej przy ul. Warszawskiej. Ka\u017cdego miesi\u0105ca wychowankowie z wychowawcami dbaj\u0105 o to szczeg\u00f3lne miejsce pami\u0119ci. Tym razem jest inaczej. Pomimo tego, \u017ce nie przebywacie aktualnie w bursie, wychowawcy piel\u0119gnuj\u0105 nasze tradycje. Przygotowali wieniec, kt\u00f3ry z\u0142o\u017cyli w ho\u0142dzie walcz\u0105cym za wyzwolenie narodu oraz zapalili znicze, jako \u015bwiat\u0142o pami\u0119ci. <\/p>\n\n\n\n<figure class=\"wp-block-image\"><img loading=\"lazy\" decoding=\"async\" width=\"570\" height=\"1024\" src=\"http:\/\/bursa3radom.pl\/wp-content\/uploads\/2020\/04\/received_263902841323278-570x1024.jpeg\" alt=\"\" class=\"wp-image-2921\" srcset=\"https:\/\/bursa3radom.pl\/wp-content\/uploads\/2020\/04\/received_263902841323278-570x1024.jpeg 570w, https:\/\/bursa3radom.pl\/wp-content\/uploads\/2020\/04\/received_263902841323278-167x300.jpeg 167w, https:\/\/bursa3radom.pl\/wp-content\/uploads\/2020\/04\/received_263902841323278-768x1379.jpeg 768w, https:\/\/bursa3radom.pl\/wp-content\/uploads\/2020\/04\/received_263902841323278.jpeg 1136w\" sizes=\"auto, (max-width: 570px) 100vw, 570px\" \/><\/figure>\n\n\n\n<figure class=\"wp-block-image\"><img loading=\"lazy\" decoding=\"async\" width=\"768\" height=\"1024\" src=\"http:\/\/bursa3radom.pl\/wp-content\/uploads\/2020\/04\/IMG_20200430_170409861-768x1024.jpg\" alt=\"\" class=\"wp-image-2920\" srcset=\"https:\/\/bursa3radom.pl\/wp-content\/uploads\/2020\/04\/IMG_20200430_170409861-768x1024.jpg 768w, https:\/\/bursa3radom.pl\/wp-content\/uploads\/2020\/04\/IMG_20200430_170409861-225x300.jpg 225w\" sizes=\"auto, (max-width: 768px) 100vw, 768px\" \/><\/figure>\n\n\n\n<figure class=\"wp-block-image\"><img loading=\"lazy\" decoding=\"async\" width=\"768\" height=\"1024\" src=\"http:\/\/bursa3radom.pl\/wp-content\/uploads\/2020\/04\/IMG_20200430_170305205-768x1024.jpg\" alt=\"\" class=\"wp-image-2922\" srcset=\"https:\/\/bursa3radom.pl\/wp-content\/uploads\/2020\/04\/IMG_20200430_170305205-768x1024.jpg 768w, https:\/\/bursa3radom.pl\/wp-content\/uploads\/2020\/04\/IMG_20200430_170305205-225x300.jpg 225w\" sizes=\"auto, (max-width: 768px) 100vw, 768px\" \/><\/figure>\n\n\n\n<figure class=\"wp-block-image\"><img loading=\"lazy\" decoding=\"async\" width=\"579\" height=\"326\" src=\"http:\/\/bursa3radom.pl\/wp-content\/uploads\/2020\/05\/1851814923541656008.jpg\" alt=\"\" class=\"wp-image-2924\" srcset=\"https:\/\/bursa3radom.pl\/wp-content\/uploads\/2020\/05\/1851814923541656008.jpg 579w, https:\/\/bursa3radom.pl\/wp-content\/uploads\/2020\/05\/1851814923541656008-300x169.jpg 300w\" sizes=\"auto, (max-width: 579px) 100vw, 579px\" \/><\/figure>\n","protected":false},"excerpt":{"rendered":"<p>Od lat kwiecie\u0144 nazywany jest Miesi\u0105cem Pami\u0119ci Narodowej, kiedy to mamy okazj\u0119 do przypomnienia wa\u017cnych wydarze\u0144 z historii narodu polskiego. To r\u00f3wnie\u017c okazja do z\u0142o\u017cenia ho\u0142du bohaterom i ofiarom tragedii, podczas kt\u00f3rych zwyci\u0119\u017cali i gin\u0119li za nasz kraj, nasz\u0105 wolno\u015b\u0107 i niepodleg\u0142o\u015b\u0107. Jako spo\u0142eczno\u015b\u0107 Bursy jeste\u015bmy odpowiedzialni za Pomnik Ofiar II Wojny \u015awiatowej przy ul. Warszawskiej. Ka\u017cdego miesi\u0105ca wychowankowie z wychowawcami dbaj\u0105 o to szczeg\u00f3lne miejsce pami\u0119ci. Tym razem jest&#8230;<\/p>\n","protected":false},"author":1,"featured_media":0,"comment_status":"closed","ping_status":"open","sticky":false,"template":"","format":"standard","meta":{"footnotes":""},"categories":[1],"tags":[],"class_list":["post-2919","post","type-post","status-publish","format-standard","hentry","category-uncategorized"],"_links":{"self":[{"href":"https:\/\/bursa3radom.pl\/index.php?rest_route=\/wp\/v2\/posts\/2919","targetHints":{"allow":["GET"]}}],"collection":[{"href":"https:\/\/bursa3radom.pl\/index.php?rest_route=\/wp\/v2\/posts"}],"about":[{"href":"https:\/\/bursa3radom.pl\/index.php?rest_route=\/wp\/v2\/types\/post"}],"author":[{"embeddable":true,"href":"https:\/\/bursa3radom.pl\/index.php?rest_route=\/wp\/v2\/users\/1"}],"replies":[{"embeddable":true,"href":"https:\/\/bursa3radom.pl\/index.php?rest_route=%2Fwp%2Fv2%2Fcomments&post=2919"}],"version-history":[{"count":2,"href":"https:\/\/bursa3radom.pl\/index.php?rest_route=\/wp\/v2\/posts\/2919\/revisions"}],"predecessor-version":[{"id":2925,"href":"https:\/\/bursa3radom.pl\/index.php?rest_route=\/wp\/v2\/posts\/2919\/revisions\/2925"}],"wp:attachment":[{"href":"https:\/\/bursa3radom.pl\/index.php?rest_route=%2Fwp%2Fv2%2Fmedia&parent=2919"}],"wp:term":[{"taxonomy":"category","embeddable":true,"href":"https:\/\/bursa3radom.pl\/index.php?rest_route=%2Fwp%2Fv2%2Fcategories&post=2919"},{"taxonomy":"post_tag","embeddable":true,"href":"https:\/\/bursa3radom.pl\/index.php?rest_route=%2Fwp%2Fv2%2Ftags&post=2919"}],"curies":[{"name":"wp","href":"https:\/\/api.w.org\/{rel}","templated":true}]}}