{"id":2881,"date":"2020-04-10T08:46:04","date_gmt":"2020-04-10T08:46:04","guid":{"rendered":"http:\/\/bursa3radom.pl\/?p=2881"},"modified":"2020-04-10T08:46:05","modified_gmt":"2020-04-10T08:46:05","slug":"przedluzenie-okresu-zdalnej-nauki","status":"publish","type":"post","link":"https:\/\/bursa3radom.pl\/?p=2881","title":{"rendered":"Przed\u0142u\u017cenie okresu zdalnej nauki"},"content":{"rendered":"\n<p>Drodzy wychowankowie, w dniu wczorajszym Minister Edukacji Narodowej og\u0142osi\u0142 przed\u0142u\u017cenie okresu zdalnej nauki do dnia 26 kwietnia. Z tego samego powodu nasza bursa r\u00f3wnie\u017c funkcjonuje w trybie zdalnym. Oznacza to, \u017ce my, wychowawcy nie mamy wolnego &#8211; r\u00f3wnie\u017c pracujemy zdalnie &#8211; kszta\u0142cimy si\u0119, powoli szykujemy na kolejny rok szkolny, przygotowujemy Wam propozycje zaj\u0119\u0107. Zach\u0119camy serdecznie do korzystania z zak\u0142adki G\u0142os wychowawc\u00f3w w czasie epidemii, gdzie zamieszczamy dla Was przydatne informacje. <\/p>\n\n\n\n<figure class=\"wp-block-image\"><img loading=\"lazy\" decoding=\"async\" width=\"512\" height=\"200\" src=\"http:\/\/bursa3radom.pl\/wp-content\/uploads\/2020\/04\/unnamed.png\" alt=\"\" class=\"wp-image-2882\" srcset=\"https:\/\/bursa3radom.pl\/wp-content\/uploads\/2020\/04\/unnamed.png 512w, https:\/\/bursa3radom.pl\/wp-content\/uploads\/2020\/04\/unnamed-300x117.png 300w\" sizes=\"auto, (max-width: 512px) 100vw, 512px\" \/><\/figure>\n\n\n\n<p><\/p>\n","protected":false},"excerpt":{"rendered":"<p>Drodzy wychowankowie, w dniu wczorajszym Minister Edukacji Narodowej og\u0142osi\u0142 przed\u0142u\u017cenie okresu zdalnej nauki do dnia 26 kwietnia. Z tego samego powodu nasza bursa r\u00f3wnie\u017c funkcjonuje w trybie zdalnym. Oznacza to, \u017ce my, wychowawcy nie mamy wolnego &#8211; r\u00f3wnie\u017c pracujemy zdalnie &#8211; kszta\u0142cimy si\u0119, powoli szykujemy na kolejny rok szkolny, przygotowujemy Wam propozycje zaj\u0119\u0107. Zach\u0119camy serdecznie do korzystania z zak\u0142adki G\u0142os wychowawc\u00f3w w czasie epidemii, gdzie zamieszczamy dla Was przydatne informacje.<\/p>\n","protected":false},"author":1,"featured_media":0,"comment_status":"closed","ping_status":"open","sticky":false,"template":"","format":"standard","meta":{"footnotes":""},"categories":[1],"tags":[],"class_list":["post-2881","post","type-post","status-publish","format-standard","hentry","category-uncategorized"],"_links":{"self":[{"href":"https:\/\/bursa3radom.pl\/index.php?rest_route=\/wp\/v2\/posts\/2881","targetHints":{"allow":["GET"]}}],"collection":[{"href":"https:\/\/bursa3radom.pl\/index.php?rest_route=\/wp\/v2\/posts"}],"about":[{"href":"https:\/\/bursa3radom.pl\/index.php?rest_route=\/wp\/v2\/types\/post"}],"author":[{"embeddable":true,"href":"https:\/\/bursa3radom.pl\/index.php?rest_route=\/wp\/v2\/users\/1"}],"replies":[{"embeddable":true,"href":"https:\/\/bursa3radom.pl\/index.php?rest_route=%2Fwp%2Fv2%2Fcomments&post=2881"}],"version-history":[{"count":1,"href":"https:\/\/bursa3radom.pl\/index.php?rest_route=\/wp\/v2\/posts\/2881\/revisions"}],"predecessor-version":[{"id":2883,"href":"https:\/\/bursa3radom.pl\/index.php?rest_route=\/wp\/v2\/posts\/2881\/revisions\/2883"}],"wp:attachment":[{"href":"https:\/\/bursa3radom.pl\/index.php?rest_route=%2Fwp%2Fv2%2Fmedia&parent=2881"}],"wp:term":[{"taxonomy":"category","embeddable":true,"href":"https:\/\/bursa3radom.pl\/index.php?rest_route=%2Fwp%2Fv2%2Fcategories&post=2881"},{"taxonomy":"post_tag","embeddable":true,"href":"https:\/\/bursa3radom.pl\/index.php?rest_route=%2Fwp%2Fv2%2Ftags&post=2881"}],"curies":[{"name":"wp","href":"https:\/\/api.w.org\/{rel}","templated":true}]}}