{"id":2866,"date":"2020-04-07T07:15:53","date_gmt":"2020-04-07T07:15:53","guid":{"rendered":"http:\/\/bursa3radom.pl\/?p=2866"},"modified":"2020-04-15T20:17:26","modified_gmt":"2020-04-15T20:17:26","slug":"drodzy-wychowankowie-2","status":"publish","type":"post","link":"https:\/\/bursa3radom.pl\/?p=2866","title":{"rendered":"Sk\u0142adamy Wam \u015bwi\u0105teczne \u017cyczenia&#8230;"},"content":{"rendered":"\n<figure class=\"wp-block-image\"><img loading=\"lazy\" decoding=\"async\" width=\"800\" height=\"550\" src=\"http:\/\/bursa3radom.pl\/wp-content\/uploads\/2020\/04\/W.jpg\" alt=\"\" class=\"wp-image-2867\" srcset=\"https:\/\/bursa3radom.pl\/wp-content\/uploads\/2020\/04\/W.jpg 800w, https:\/\/bursa3radom.pl\/wp-content\/uploads\/2020\/04\/W-300x206.jpg 300w, https:\/\/bursa3radom.pl\/wp-content\/uploads\/2020\/04\/W-768x528.jpg 768w\" sizes=\"auto, (max-width: 800px) 100vw, 800px\" \/><\/figure>\n\n\n\n<p><strong> <\/strong><\/p>\n\n\n\n<p>&nbsp;&nbsp;&nbsp;&nbsp;&nbsp;&nbsp;&nbsp;&nbsp; Dla chrze\u015bcijan Wielkanoc to najwa\u017cniejsze \u015bwi\u0119ta w roku. Zmartwychwstanie Jezusa Chrystusa to istota wiary chrze\u015bcija\u0144skiej, kt\u00f3remu towarzysz\u0105 liczne obrz\u0119dy i tradycje.  <br>R\u00f3wnie\u017c w naszej bursie od lat kultywujemy tradycj\u0119 obchod\u00f3w <br> \u015awi\u0105t Wielkanocnych. Jednak ze wzgl\u0119du na obecn\u0105 na \u015bwiecie pandemi\u0119 koronawirusa, w tym roku nie b\u0119dziemy mogli zasi\u0105\u015b\u0107 razem do wsp\u00f3lnego biesiadowania przy jednym stole. <\/p>\n\n\n\n<p style=\"text-align:center\"><strong><em>Dlatego \u017cyczymy Wam, aby we wszystkich rodzinach i domach zago\u015bci\u0142a mi\u0142o\u015b\u0107, wiara i spok\u00f3j. Niech Wasze serca przepe\u0142niaj\u0105 otucha i wiara, kt\u00f3re pozwol\u0105 z ufno\u015bci\u0105 patrze\u0107 w przysz\u0142o\u015b\u0107.<\/em><\/strong> <br><strong><em>Niech ten \u015bwi\u0105teczny czas b\u0119dzie okazj\u0105 do piel\u0119gnowania tradycji <br> w Waszych Rodzinach.\ufeff<\/em><\/strong> <\/p>\n\n\n\n<p>&nbsp;&nbsp;&nbsp;&nbsp;&nbsp;&nbsp;&nbsp;&nbsp;&nbsp;&nbsp; \u201eJu\u017c wkr\u00f3tce uroczyste bicie dzwon\u00f3w i \u015bpiew\n&#8222;Alleluja&#8221; oznajmi\u0105 Nam, \u017ce nadesz\u0142y najwi\u0119ksze dla chrze\u015bcijan\n\u015bwi\u0119ta &#8211; Wielkanoc.<\/p>\n\n\n\n<p>Symbolem\n\u015bwi\u0105t jest krzy\u017c&nbsp; &#8211; znak najwi\u0119kszej\nmi\u0142o\u015bci, jak\u0105 B\u00f3g okaza\u0142 cz\u0142owiekowi i wezwa\u0142 do okazywania jej braciom.<br>\n&nbsp;&nbsp;&nbsp;&nbsp;&nbsp;&nbsp;&nbsp;&nbsp;&nbsp;&nbsp;&nbsp;&nbsp;&nbsp;&nbsp; Krzy\u017c jest znakiem naszego zbawienia, naszego pojednania z niebem&nbsp; &nbsp;&nbsp;<br>\ni bra\u0107mi.<\/p>\n\n\n\n<blockquote class=\"wp-block-quote is-layout-flow wp-block-quote-is-layout-flow\"><p>Nie zdejm\u0119 krzy\u017ca z mojej \u015bciany<br> Za \u017cadne skarby \u015bwiata.<br> Bo na nim Jezus ukochany grzesznik\u00f3w z niebem brata.<br> Nie zdejm\u0119 krzy\u017ca z mego serca, cho\u0107by mi umrze\u0107 trzeba.<br> Cho\u0107by mi grozi\u0142 kat morderca, bo krzy\u017c to klucz do nieba.<br> <br> Nie zdejm\u0119 krzy\u017ca z mojej duszy, nie wyrw\u0119 go z sumienia.<br> Bo krzy\u017c szatana w niwecz kruszy, bo krzy\u017c to znak zbawienia.<br> A gdy zobacz\u0119 w poniewierce Jezusa krzy\u017c i ran\u0119.<br> Kt\u00f3ra otwiera Jego serce, w obronie krzy\u017ca stan\u0119.<\/p><\/blockquote>\n\n\n\n<p><br><\/p>\n\n\n\n<p><\/p>\n","protected":false},"excerpt":{"rendered":"<p>&nbsp;&nbsp;&nbsp;&nbsp;&nbsp;&nbsp;&nbsp;&nbsp; Dla chrze\u015bcijan Wielkanoc to najwa\u017cniejsze \u015bwi\u0119ta w roku. Zmartwychwstanie Jezusa Chrystusa to istota wiary chrze\u015bcija\u0144skiej, kt\u00f3remu towarzysz\u0105 liczne obrz\u0119dy i tradycje. R\u00f3wnie\u017c w naszej bursie od lat kultywujemy tradycj\u0119 obchod\u00f3w \u015awi\u0105t Wielkanocnych. Jednak ze wzgl\u0119du na obecn\u0105 na \u015bwiecie pandemi\u0119 koronawirusa, w tym roku nie b\u0119dziemy mogli zasi\u0105\u015b\u0107 razem do wsp\u00f3lnego biesiadowania przy jednym stole. Dlatego \u017cyczymy Wam, aby we wszystkich rodzinach i domach zago\u015bci\u0142a mi\u0142o\u015b\u0107, wiara i spok\u00f3j&#8230;.<\/p>\n","protected":false},"author":1,"featured_media":2867,"comment_status":"closed","ping_status":"open","sticky":false,"template":"","format":"standard","meta":{"footnotes":""},"categories":[1],"tags":[],"class_list":["post-2866","post","type-post","status-publish","format-standard","has-post-thumbnail","hentry","category-uncategorized"],"_links":{"self":[{"href":"https:\/\/bursa3radom.pl\/index.php?rest_route=\/wp\/v2\/posts\/2866","targetHints":{"allow":["GET"]}}],"collection":[{"href":"https:\/\/bursa3radom.pl\/index.php?rest_route=\/wp\/v2\/posts"}],"about":[{"href":"https:\/\/bursa3radom.pl\/index.php?rest_route=\/wp\/v2\/types\/post"}],"author":[{"embeddable":true,"href":"https:\/\/bursa3radom.pl\/index.php?rest_route=\/wp\/v2\/users\/1"}],"replies":[{"embeddable":true,"href":"https:\/\/bursa3radom.pl\/index.php?rest_route=%2Fwp%2Fv2%2Fcomments&post=2866"}],"version-history":[{"count":3,"href":"https:\/\/bursa3radom.pl\/index.php?rest_route=\/wp\/v2\/posts\/2866\/revisions"}],"predecessor-version":[{"id":2870,"href":"https:\/\/bursa3radom.pl\/index.php?rest_route=\/wp\/v2\/posts\/2866\/revisions\/2870"}],"wp:featuredmedia":[{"embeddable":true,"href":"https:\/\/bursa3radom.pl\/index.php?rest_route=\/wp\/v2\/media\/2867"}],"wp:attachment":[{"href":"https:\/\/bursa3radom.pl\/index.php?rest_route=%2Fwp%2Fv2%2Fmedia&parent=2866"}],"wp:term":[{"taxonomy":"category","embeddable":true,"href":"https:\/\/bursa3radom.pl\/index.php?rest_route=%2Fwp%2Fv2%2Fcategories&post=2866"},{"taxonomy":"post_tag","embeddable":true,"href":"https:\/\/bursa3radom.pl\/index.php?rest_route=%2Fwp%2Fv2%2Ftags&post=2866"}],"curies":[{"name":"wp","href":"https:\/\/api.w.org\/{rel}","templated":true}]}}