{"id":2858,"date":"2020-04-04T18:09:18","date_gmt":"2020-04-04T18:09:18","guid":{"rendered":"http:\/\/bursa3radom.pl\/?p=2858"},"modified":"2020-04-07T10:32:50","modified_gmt":"2020-04-07T10:32:50","slug":"drodzy-wychowankowie","status":"publish","type":"post","link":"https:\/\/bursa3radom.pl\/?p=2858","title":{"rendered":"Drodzy Wychowankowie!"},"content":{"rendered":"\n<p>Przed\u0142u\u017caj\u0105ca si\u0119 izolacja wszystkim nam doskwiera, ale musimy wytrwa\u0107 i by\u0107 dzielni. Grono Pedagogiczne Bursy z trosk\u0105 my\u015bli o swoich wychowankach i o tym, jak Wam pom\u00f3c. Obecnie&nbsp; kontaktujemy si\u0119, korzystaj\u0105c z dost\u0119pnych \u015brodk\u00f3w technologii komunikacyjnej.&nbsp; Wychowawcy&nbsp; prowadz\u0105 z Wami rozmowy wspieraj\u0105ce, zach\u0119caj\u0105 do systematycznej nauki, codziennego ruchu, a przede wszystkim przestrzegania zasad higieny.&nbsp;&nbsp;&nbsp;&nbsp;&nbsp;&nbsp; <\/p>\n\n\n\n<p>Moim zadaniem, jako dyrektora jest czuwanie nad funkcjonowaniem bursy i zapewniam,&nbsp; \u017ce wszystko czeka na Wasz, mam nadziej\u0119, szybki powr\u00f3t.&nbsp; &nbsp; &nbsp; &nbsp;&nbsp; <\/p>\n\n\n\n<p><strong>Moi Drodzy!<\/strong><br><\/p>\n\n\n\n<p>Chcia\u0142abym Wam poleci\u0107 stron\u0119 internetow\u0105 Marka Kami\u0144skiego &#8211; podr\u00f3\u017cnika, i przedsi\u0119biorcy. Znajdziecie tam wiele m\u0105drych rad, jak przetrwa\u0107 w trudnych warunkach izolacji. Kami\u0144ski m\u00f3wi: &#8217;<em>&#8217;Rano otwierasz oczy i ju\u017c masz za co dzi\u0119kowa\u0107&#8221;<\/em>. Radzi codziennie rozwa\u017ca\u0107 trzy s\u0142owa : akceptacja, wdzi\u0119czno\u015b\u0107 i uwa\u017cno\u015b\u0107. Podr\u00f3\u017cnik jedn\u0105 ze swoich wypraw odby\u0142 z niepe\u0142nosprawnym nastolatkiem Ja\u015bkiem Mel\u0105 i pokaza\u0142, jak pokonywa\u0107 swoje s\u0142abo\u015bci i osi\u0105ga\u0107 ambitne cele. <br>Na stronie: <a rel=\"noreferrer noopener\" href=\"http:\/\/marekkaminski.com\/\" target=\"_blank\">marekkaminski.com<\/a>&nbsp;znajdziecie&nbsp; cykl&nbsp; jego wyk\u0142ad\u00f3w. Gor\u0105co polecam.&nbsp;&nbsp;&nbsp;&nbsp;&nbsp; <br><br>Na koniec cytat polecany do przemy\u015blenia:  <\/p>\n\n\n\n<blockquote class=\"wp-block-quote is-layout-flow wp-block-quote-is-layout-flow\"><p><strong><em>&#8222;Cho\u0107bym by\u0142 zamkni\u0119ty w skorupce orzecha i tak b\u0119d\u0119 w\u0142adc\u0105 niesko\u0144czonej przestrzeni &#8221;&nbsp; &#8211; <\/em>W . Szekspir<\/strong><\/p><\/blockquote>\n\n\n\n<p style=\"text-align:center\">Pozdrawiam Was wszystkich&nbsp; i Wasze rodziny, \u017cycz\u0119 zdrowia i wytrwa\u0142o\u015bci.<br>Dyrektor Bursy Szkolnej Nr 3 Ewa Kwiatkowska<br> Radom 04.04.2020 r. <\/p>\n","protected":false},"excerpt":{"rendered":"<p>Przed\u0142u\u017caj\u0105ca si\u0119 izolacja wszystkim nam doskwiera, ale musimy wytrwa\u0107 i by\u0107 dzielni. Grono Pedagogiczne Bursy z trosk\u0105 my\u015bli o swoich wychowankach i o tym, jak Wam pom\u00f3c. Obecnie&nbsp; kontaktujemy si\u0119, korzystaj\u0105c z dost\u0119pnych \u015brodk\u00f3w technologii komunikacyjnej.&nbsp; Wychowawcy&nbsp; prowadz\u0105 z Wami rozmowy wspieraj\u0105ce, zach\u0119caj\u0105 do systematycznej nauki, codziennego ruchu, a przede wszystkim przestrzegania zasad higieny.&nbsp;&nbsp;&nbsp;&nbsp;&nbsp;&nbsp; Moim zadaniem, jako dyrektora jest czuwanie nad funkcjonowaniem bursy i zapewniam,&nbsp; \u017ce wszystko czeka na Wasz,&#8230;<\/p>\n","protected":false},"author":1,"featured_media":0,"comment_status":"closed","ping_status":"open","sticky":false,"template":"","format":"standard","meta":{"footnotes":""},"categories":[1],"tags":[],"class_list":["post-2858","post","type-post","status-publish","format-standard","hentry","category-uncategorized"],"_links":{"self":[{"href":"https:\/\/bursa3radom.pl\/index.php?rest_route=\/wp\/v2\/posts\/2858","targetHints":{"allow":["GET"]}}],"collection":[{"href":"https:\/\/bursa3radom.pl\/index.php?rest_route=\/wp\/v2\/posts"}],"about":[{"href":"https:\/\/bursa3radom.pl\/index.php?rest_route=\/wp\/v2\/types\/post"}],"author":[{"embeddable":true,"href":"https:\/\/bursa3radom.pl\/index.php?rest_route=\/wp\/v2\/users\/1"}],"replies":[{"embeddable":true,"href":"https:\/\/bursa3radom.pl\/index.php?rest_route=%2Fwp%2Fv2%2Fcomments&post=2858"}],"version-history":[{"count":2,"href":"https:\/\/bursa3radom.pl\/index.php?rest_route=\/wp\/v2\/posts\/2858\/revisions"}],"predecessor-version":[{"id":2878,"href":"https:\/\/bursa3radom.pl\/index.php?rest_route=\/wp\/v2\/posts\/2858\/revisions\/2878"}],"wp:attachment":[{"href":"https:\/\/bursa3radom.pl\/index.php?rest_route=%2Fwp%2Fv2%2Fmedia&parent=2858"}],"wp:term":[{"taxonomy":"category","embeddable":true,"href":"https:\/\/bursa3radom.pl\/index.php?rest_route=%2Fwp%2Fv2%2Fcategories&post=2858"},{"taxonomy":"post_tag","embeddable":true,"href":"https:\/\/bursa3radom.pl\/index.php?rest_route=%2Fwp%2Fv2%2Ftags&post=2858"}],"curies":[{"name":"wp","href":"https:\/\/api.w.org\/{rel}","templated":true}]}}