{"id":2812,"date":"2020-04-02T08:30:36","date_gmt":"2020-04-02T08:30:36","guid":{"rendered":"http:\/\/bursa3radom.pl\/?p=2812"},"modified":"2020-04-03T11:49:38","modified_gmt":"2020-04-03T11:49:38","slug":"apel-kwp","status":"publish","type":"post","link":"https:\/\/bursa3radom.pl\/?p=2812","title":{"rendered":"Apel KWP"},"content":{"rendered":"\n<p><strong><sup>MAZOWIECKA POLICJA APELUJE!<\/sup><\/strong><br><\/p>\n\n\n\n<p><strong><sup>SZANOWNI RODZICE I OPIEKUNOWIE<\/sup><\/strong><sup>!<\/sup><\/p>\n\n\n\n<p>W zwi\u0105zku z sytuacj\u0105 wyst\u0119powania <strong>koronawirusa<\/strong> w Polsce rz\u0105d wprowadzi\u0142 nowe, ostrzejsze zasady bezpiecze\u0144stwa publicznego, w tym kolejne ograniczenia w przemieszczaniu si\u0119!<\/p>\n\n\n\n<p>Od 1 kwietnia do odwo\u0142ania, osoby do 18. roku \u017cycia nie mog\u0105 wyj\u015b\u0107 z domu bez opieki doros\u0142ego opiekuna.&nbsp;<\/p>\n\n\n\n<p>Tylko obecno\u015b\u0107 rodzica, opiekuna prawnego lub kogo\u015b doros\u0142ego, usprawiedliwia obecno\u015b\u0107 dzieci i m\u0142odzie\u017cy na ulicach i innych miejscach publicznych.<\/p>\n\n\n\n<p>Wprowadzony zosta\u0142 obowi\u0105zek utrzymania co najmniej 2-metrowej odleg\u0142o\u015bci mi\u0119dzy pieszymi, kt\u00f3ry dotyczy tak\u017ce rodzin i bliskich.<\/p>\n\n\n\n<p>Wy\u0142\u0105czeni z tego obowi\u0105zku b\u0119d\u0105:<\/p>\n\n\n\n<p>&#8211; rodzice z dzie\u0107mi wymagaj\u0105cymi opieki (do 13. roku \u017cycia),<\/p>\n\n\n\n<p>&#8211; a tak\u017ce osoby niepe\u0142nosprawne lub niemog\u0105ce si\u0119 samodzielnie porusza\u0107 i ich opiekunowie.<br><\/p>\n\n\n\n<p>Ponadto zosta\u0142 wprowadzony zakaz korzystania z park\u00f3w, pla\u017c, bulwar\u00f3w, promenad i rower\u00f3w miejskich, a tak\u017ce teren\u00f3w zielonych, pe\u0142ni\u0105cych funkcje publiczne. Zakaz dotyczy wi\u0119c park\u00f3w, ziele\u0144c\u00f3w, promenad, bulwar\u00f3w, ogrod\u00f3w botanicznych i zoologicznych czy ogr\u00f3dk\u00f3w jordanowskich. &nbsp;<br><\/p>\n\n\n\n<p>Ostatnie do\u015bwiadczenia pokazuj\u0105, \u017ce s\u0105 to miejsca, w kt\u00f3rych dochodzi do przebywania, przemieszczania i gromadzenia si\u0119 ludzi, w tym m\u0142odzie\u017cy i rodzic\u00f3w z dzie\u0107mi, a tym samym \u2013 do zwi\u0119kszenia szans na zaka\u017cenie.&nbsp;<\/p>\n\n\n\n<p>Prosimy o respektowanie nowych zasad bezpiecze\u0144stwa! Uczulmy tak\u017ce dzieci i m\u0142odzie\u017c na przestrzeganie tych zasad!<\/p>\n\n\n\n<p>Brak respektowania obowi\u0105zk\u00f3w wynikaj\u0105cych z w\u0142adzy rodzicielskiej mo\u017ce skutkowa\u0107 poci\u0105gni\u0119ciem Pa\u0144stwa do odpowiedzialno\u015bci prawnej.<\/p>\n\n\n\n<p>Pozwoli to nam wszystkim unikn\u0105\u0107 b\u0105d\u017a zminimalizowa\u0107 ryzyko zara\u017cenia.<\/p>\n\n\n\n<p><strong><sup>DRODZY UCZNIOWIE! <\/sup><\/strong><strong><sup><br><\/sup><\/strong><sup>MAZOWIECKA POLICJA APELUJE:<\/sup><br><\/p>\n\n\n\n<p>W zwi\u0105zku z sytuacj\u0105 wyst\u0119powania <strong>koronawirusa<\/strong> w Polsce rz\u0105d wprowadzi\u0142 nowe, ostrzejsze zasady bezpiecze\u0144stwa publicznego, w tym kolejne ograniczenia w przemieszczaniu si\u0119!<\/p>\n\n\n\n<p>Przypominamy naszym niepe\u0142noletnim wychowankom:<\/p>\n\n\n\n<p><strong>Od 1 kwietnia do odwo\u0142ania, osoby kt\u00f3re nie uko\u0144czy\u0142y 18. roku \u017cycia nie mog\u0105 wyj\u015b\u0107 z domu bez opieki os\u00f3b doros\u0142ych.&nbsp;<\/strong><\/p>\n\n\n\n<p>Dlatego na ulicach i innych miejscach publicznych mo\u017cecie przebywa\u0107 tylko pod opiek\u0105 rodzica, opiekuna prawnego lub jakiego\u015b innego doros\u0142ego.&nbsp;&nbsp;<\/p>\n\n\n\n<p>Zaniechajcie wychodzenia z domu je\u017celi nie jest to bezwzgl\u0119dnie konieczne!<\/p>\n\n\n\n<p>Unikajcie miejsc publicznych!<\/p>\n\n\n\n<p>Respektujcie wszelkie zasady bezpiecze\u0144stwa pami\u0119taj\u0105c, \u017ce za nieprzestrzeganie przepis\u00f3w mo\u017cecie by\u0107 poci\u0105gni\u0119ci do odpowiedzialno\u015bci prawnej!<\/p>\n\n\n\n<p><\/p>\n","protected":false},"excerpt":{"rendered":"<p>MAZOWIECKA POLICJA APELUJE! SZANOWNI RODZICE I OPIEKUNOWIE! W zwi\u0105zku z sytuacj\u0105 wyst\u0119powania koronawirusa w Polsce rz\u0105d wprowadzi\u0142 nowe, ostrzejsze zasady bezpiecze\u0144stwa publicznego, w tym kolejne ograniczenia w przemieszczaniu si\u0119! Od 1 kwietnia do odwo\u0142ania, osoby do 18. roku \u017cycia nie mog\u0105 wyj\u015b\u0107 z domu bez opieki doros\u0142ego opiekuna.&nbsp; Tylko obecno\u015b\u0107 rodzica, opiekuna prawnego lub kogo\u015b doros\u0142ego, usprawiedliwia obecno\u015b\u0107 dzieci i m\u0142odzie\u017cy na ulicach i innych miejscach publicznych. Wprowadzony zosta\u0142 obowi\u0105zek&#8230;<\/p>\n","protected":false},"author":1,"featured_media":0,"comment_status":"closed","ping_status":"open","sticky":false,"template":"","format":"standard","meta":{"footnotes":""},"categories":[1],"tags":[],"class_list":["post-2812","post","type-post","status-publish","format-standard","hentry","category-uncategorized"],"_links":{"self":[{"href":"https:\/\/bursa3radom.pl\/index.php?rest_route=\/wp\/v2\/posts\/2812","targetHints":{"allow":["GET"]}}],"collection":[{"href":"https:\/\/bursa3radom.pl\/index.php?rest_route=\/wp\/v2\/posts"}],"about":[{"href":"https:\/\/bursa3radom.pl\/index.php?rest_route=\/wp\/v2\/types\/post"}],"author":[{"embeddable":true,"href":"https:\/\/bursa3radom.pl\/index.php?rest_route=\/wp\/v2\/users\/1"}],"replies":[{"embeddable":true,"href":"https:\/\/bursa3radom.pl\/index.php?rest_route=%2Fwp%2Fv2%2Fcomments&post=2812"}],"version-history":[{"count":2,"href":"https:\/\/bursa3radom.pl\/index.php?rest_route=\/wp\/v2\/posts\/2812\/revisions"}],"predecessor-version":[{"id":2840,"href":"https:\/\/bursa3radom.pl\/index.php?rest_route=\/wp\/v2\/posts\/2812\/revisions\/2840"}],"wp:attachment":[{"href":"https:\/\/bursa3radom.pl\/index.php?rest_route=%2Fwp%2Fv2%2Fmedia&parent=2812"}],"wp:term":[{"taxonomy":"category","embeddable":true,"href":"https:\/\/bursa3radom.pl\/index.php?rest_route=%2Fwp%2Fv2%2Fcategories&post=2812"},{"taxonomy":"post_tag","embeddable":true,"href":"https:\/\/bursa3radom.pl\/index.php?rest_route=%2Fwp%2Fv2%2Ftags&post=2812"}],"curies":[{"name":"wp","href":"https:\/\/api.w.org\/{rel}","templated":true}]}}