{"id":2804,"date":"2020-03-23T09:46:26","date_gmt":"2020-03-23T09:46:26","guid":{"rendered":"http:\/\/bursa3radom.pl\/?p=2804"},"modified":"2020-03-23T16:08:06","modified_gmt":"2020-03-23T16:08:06","slug":"wazny-komunikat","status":"publish","type":"post","link":"https:\/\/bursa3radom.pl\/?p=2804","title":{"rendered":"Wa\u017cny komunikat"},"content":{"rendered":"\n<p><\/p>\n\n\n\n<p>W zwi\u0105zku z wydanym przez MEN rozporz\u0105dzeniem z dnia 20 marca 2020 r. zmieniaj\u0105cym rozporz\u0105dzenie w sprawie czasowego ograniczenia funkcjonowania jednostek systemu o\u015bwiaty w zwi\u0105zku z zapobieganiem, przeciwdzia\u0142aniem i zwalczaniem COVID-19, w wyniku kt\u00f3rego ogranicza si\u0119 funkcjonowanie szk\u00f3\u0142 na terenie kraju do 10 kwietnia, <strong>termin powrotu wychowank\u00f3w do Bursy r\u00f3wnie\u017c ulega zmianie. <\/strong><\/p>\n\n\n\n<p><strong>Bursa nie b\u0119dzie pe\u0142ni\u0107 swoich funkcji opieku\u0144czo-wychowawczych w okresie r\u00f3wnym ograniczeniu funkcjonowania jednostek o\u015bwiaty. Dyrektor Bursy prosi o \u015bledzenie komunikat\u00f3w na stronie. <\/strong><\/p>\n\n\n\n<p>Dyrektor wraz z wychowawcami przypominaj\u0105 wychowankom o zasadach higieny w kontaktach mi\u0119dzyludzkich &#8211; drodzy uczniowie, dbajcie o siebie!<\/p>\n\n\n\n<p><strong>Uczniu,<\/strong><\/p>\n\n\n\n<ul class=\"wp-block-list\"><li>pami\u0119taj o swoim bezpiecze\u0144stwie w domu. Unikaj miejsc, gdzie s\u0105 du\u017ce skupiska ludzi (np. komunikacja publiczna, sklepy)<\/li><li>przerwa w funkcjonowaniu Twojej szko\u0142y nie powinna oznacza\u0107 dni wolnych od nauki;<\/li><li>odpowiedzialnie wykorzystaj czas zawieszenia zaj\u0119\u0107 w Twojej szkole. Przeczytaj ulubion\u0105 ksi\u0105\u017ck\u0119, spr\u00f3buj uzupe\u0142ni\u0107 swoje wiadomo\u015bci lub rozwijaj kompetencje. Skorzystaj przy tym z darmowej platformy epodreczniki.pl i materia\u0142\u00f3w rekomendowanych przez Twojego nauczyciela;<\/li><li>przestrzegaj w domu zasad higieny i czysto\u015bci pomieszcze\u0144, w kt\u00f3rych przebywasz.<\/li><\/ul>\n","protected":false},"excerpt":{"rendered":"<p>W zwi\u0105zku z wydanym przez MEN rozporz\u0105dzeniem z dnia 20 marca 2020 r. zmieniaj\u0105cym rozporz\u0105dzenie w sprawie czasowego ograniczenia funkcjonowania jednostek systemu o\u015bwiaty w zwi\u0105zku z zapobieganiem, przeciwdzia\u0142aniem i zwalczaniem COVID-19, w wyniku kt\u00f3rego ogranicza si\u0119 funkcjonowanie szk\u00f3\u0142 na terenie kraju do 10 kwietnia, termin powrotu wychowank\u00f3w do Bursy r\u00f3wnie\u017c ulega zmianie. Bursa nie b\u0119dzie pe\u0142ni\u0107 swoich funkcji opieku\u0144czo-wychowawczych w okresie r\u00f3wnym ograniczeniu funkcjonowania jednostek o\u015bwiaty. Dyrektor Bursy prosi o&#8230;<\/p>\n","protected":false},"author":1,"featured_media":0,"comment_status":"closed","ping_status":"open","sticky":false,"template":"","format":"standard","meta":{"footnotes":""},"categories":[1],"tags":[],"class_list":["post-2804","post","type-post","status-publish","format-standard","hentry","category-uncategorized"],"_links":{"self":[{"href":"https:\/\/bursa3radom.pl\/index.php?rest_route=\/wp\/v2\/posts\/2804","targetHints":{"allow":["GET"]}}],"collection":[{"href":"https:\/\/bursa3radom.pl\/index.php?rest_route=\/wp\/v2\/posts"}],"about":[{"href":"https:\/\/bursa3radom.pl\/index.php?rest_route=\/wp\/v2\/types\/post"}],"author":[{"embeddable":true,"href":"https:\/\/bursa3radom.pl\/index.php?rest_route=\/wp\/v2\/users\/1"}],"replies":[{"embeddable":true,"href":"https:\/\/bursa3radom.pl\/index.php?rest_route=%2Fwp%2Fv2%2Fcomments&post=2804"}],"version-history":[{"count":3,"href":"https:\/\/bursa3radom.pl\/index.php?rest_route=\/wp\/v2\/posts\/2804\/revisions"}],"predecessor-version":[{"id":2810,"href":"https:\/\/bursa3radom.pl\/index.php?rest_route=\/wp\/v2\/posts\/2804\/revisions\/2810"}],"wp:attachment":[{"href":"https:\/\/bursa3radom.pl\/index.php?rest_route=%2Fwp%2Fv2%2Fmedia&parent=2804"}],"wp:term":[{"taxonomy":"category","embeddable":true,"href":"https:\/\/bursa3radom.pl\/index.php?rest_route=%2Fwp%2Fv2%2Fcategories&post=2804"},{"taxonomy":"post_tag","embeddable":true,"href":"https:\/\/bursa3radom.pl\/index.php?rest_route=%2Fwp%2Fv2%2Ftags&post=2804"}],"curies":[{"name":"wp","href":"https:\/\/api.w.org\/{rel}","templated":true}]}}