{"id":2656,"date":"2019-12-03T09:26:34","date_gmt":"2019-12-03T09:26:34","guid":{"rendered":"http:\/\/bursa3radom.pl\/?p=2656"},"modified":"2019-12-03T09:27:44","modified_gmt":"2019-12-03T09:27:44","slug":"konkurs-na-wystroj-okna-bozonarodzeniowego-2019","status":"publish","type":"post","link":"https:\/\/bursa3radom.pl\/?p=2656","title":{"rendered":"Konkurs na wystr\u00f3j okna Bo\u017conarodzeniowego 2019"},"content":{"rendered":"\n<p>Sekcja kulturalno-rozrywkowa zaprasza wszystkich ch\u0119tnych do wzi\u0119cia udzia\u0142u <br>w konkursie na dekoracj\u0119 okna w swoim pokoju. <\/p>\n\n\n\n<p>Pokoje nalezy zg\u0142asza\u0107 do opiekuna sekcji &#8211; p. Barbary Pa\u0144czyk-Sieradz lub do swoich wychowawc\u00f3w do dnia 11.12.2019 r. (\u015broda)<\/p>\n\n\n\n<p>Dekoracja b\u0119dzie oceniana w kategoriach:<\/p>\n\n\n\n<ul class=\"wp-block-list\"><li>samodzielno\u015b\u0107 wykonania dekoracji<\/li><li>pomys\u0142owo\u015b\u0107<\/li><li>estetyka<\/li><li>widoczno\u015b\u0107 od zewn\u0105trz<\/li><li>nastr\u00f3j chwili.<\/li><\/ul>\n\n\n\n<p>Oceny dekoracji dokona komisja konkursowa w sk\u0142adzie opiekun sekcji k-r oraz przedstawiciel sekcji z ka\u017cdej z grup. <\/p>\n\n\n\n<p>Rozstrzygni\u0119cie konkursu nast\u0105pi 16.12.2019  godzinie 20.00 a nagrody zostan\u0105 wr\u0119czone zwyci\u0119zcom podczas Wieczerzy Wigilijnej w dniu 17.12.2019 (wtorek). <\/p>\n\n\n\n<p style=\"text-align:center\">Zach\u0119camy do udzia\u0142u w konkursie.<\/p>\n\n\n\n<div class=\"wp-block-image\"><figure class=\"aligncenter\"><img decoding=\"async\" src=\"https:\/\/bi.im-g.pl\/im\/ec\/4a\/10\/z17082604Q,Ozdoby-swiateczne.jpg\" alt=\"\"\/><figcaption>\u017ar\u00f3d\u0142o: internet<\/figcaption><\/figure><\/div>\n","protected":false},"excerpt":{"rendered":"<p>Sekcja kulturalno-rozrywkowa zaprasza wszystkich ch\u0119tnych do wzi\u0119cia udzia\u0142u w konkursie na dekoracj\u0119 okna w swoim pokoju. Pokoje nalezy zg\u0142asza\u0107 do opiekuna sekcji &#8211; p. Barbary Pa\u0144czyk-Sieradz lub do swoich wychowawc\u00f3w do dnia 11.12.2019 r. (\u015broda) Dekoracja b\u0119dzie oceniana w kategoriach: samodzielno\u015b\u0107 wykonania dekoracji pomys\u0142owo\u015b\u0107 estetyka widoczno\u015b\u0107 od zewn\u0105trz nastr\u00f3j chwili. Oceny dekoracji dokona komisja konkursowa w sk\u0142adzie opiekun sekcji k-r oraz przedstawiciel sekcji z ka\u017cdej z grup. Rozstrzygni\u0119cie konkursu nast\u0105pi&#8230;<\/p>\n","protected":false},"author":1,"featured_media":0,"comment_status":"closed","ping_status":"open","sticky":false,"template":"","format":"standard","meta":{"footnotes":""},"categories":[1],"tags":[],"class_list":["post-2656","post","type-post","status-publish","format-standard","hentry","category-uncategorized"],"_links":{"self":[{"href":"https:\/\/bursa3radom.pl\/index.php?rest_route=\/wp\/v2\/posts\/2656","targetHints":{"allow":["GET"]}}],"collection":[{"href":"https:\/\/bursa3radom.pl\/index.php?rest_route=\/wp\/v2\/posts"}],"about":[{"href":"https:\/\/bursa3radom.pl\/index.php?rest_route=\/wp\/v2\/types\/post"}],"author":[{"embeddable":true,"href":"https:\/\/bursa3radom.pl\/index.php?rest_route=\/wp\/v2\/users\/1"}],"replies":[{"embeddable":true,"href":"https:\/\/bursa3radom.pl\/index.php?rest_route=%2Fwp%2Fv2%2Fcomments&post=2656"}],"version-history":[{"count":4,"href":"https:\/\/bursa3radom.pl\/index.php?rest_route=\/wp\/v2\/posts\/2656\/revisions"}],"predecessor-version":[{"id":2660,"href":"https:\/\/bursa3radom.pl\/index.php?rest_route=\/wp\/v2\/posts\/2656\/revisions\/2660"}],"wp:attachment":[{"href":"https:\/\/bursa3radom.pl\/index.php?rest_route=%2Fwp%2Fv2%2Fmedia&parent=2656"}],"wp:term":[{"taxonomy":"category","embeddable":true,"href":"https:\/\/bursa3radom.pl\/index.php?rest_route=%2Fwp%2Fv2%2Fcategories&post=2656"},{"taxonomy":"post_tag","embeddable":true,"href":"https:\/\/bursa3radom.pl\/index.php?rest_route=%2Fwp%2Fv2%2Ftags&post=2656"}],"curies":[{"name":"wp","href":"https:\/\/api.w.org\/{rel}","templated":true}]}}