{"id":2558,"date":"2019-11-16T19:55:17","date_gmt":"2019-11-16T19:55:17","guid":{"rendered":"http:\/\/bursa3radom.pl\/?p=2558"},"modified":"2019-11-16T19:55:18","modified_gmt":"2019-11-16T19:55:18","slug":"armia-swietych-usmiechnietych","status":"publish","type":"post","link":"https:\/\/bursa3radom.pl\/?p=2558","title":{"rendered":"Armia \u015awi\u0119tych U\u015bmiechni\u0119tych"},"content":{"rendered":"\n<p>Po raz pierwszy wychowankowie naszej bursy w\u0142\u0105czyli si\u0119 do akcji zbierania rzeczy dla chorych dzieci w ubieg\u0142ym roku. Akcja prowadzona by\u0142a pod has\u0142em:<strong> ,,B\u0105d\u017amy anio\u0142ami cho\u0107 przez jeden dzie\u0144\u201d.<\/strong>   <br>W ubieg\u0142ym roku najbardziej hojna okaza\u0142a si\u0119 Yuzefina. Dzi\u0119ki jej za to. <\/p>\n\n\n\n<p><strong><em>Stw\u00f3rzmy w Bursie\ntradycj\u0119 pomagania. W\u0142\u0105czmy si\u0119 ponownie, nios\u0105c u\u015bmiech chorym dzieciom\npoprzez nasz \u015bwi\u0105teczny podarunek.<\/em><\/strong><\/p>\n\n\n\n<p> Przyniesione rzeczy prosz\u0119 przekazywa\u0107 wychowawcy do pokoju nauczycielskiego \u00a0na I pi\u0119trze. Osoba, kt\u00f3ra oka\u017ce si\u0119 w tym roku najhojniejsza, otrzyma od organizatora prezent niespodziank\u0119.<\/p>\n\n\n\n<p>&nbsp;&nbsp;&nbsp;&nbsp;&nbsp;&nbsp;&nbsp;&nbsp; Koordynator akcji:<\/p>\n\n\n\n<p>&nbsp; wychowawca grupy IV &#8211;&nbsp; Barbara Pa\u0144czyk-Sieradz<\/p>\n\n\n\n<figure class=\"wp-block-image\"><a href=\"http:\/\/bursa3radom.pl\/wp-content\/uploads\/2019\/11\/IMG_20191116_205016.jpg\"><img loading=\"lazy\" decoding=\"async\" width=\"768\" height=\"1024\" src=\"http:\/\/bursa3radom.pl\/wp-content\/uploads\/2019\/11\/IMG_20191116_205016-768x1024.jpg\" alt=\"\" class=\"wp-image-2562\" srcset=\"https:\/\/bursa3radom.pl\/wp-content\/uploads\/2019\/11\/IMG_20191116_205016-768x1024.jpg 768w, https:\/\/bursa3radom.pl\/wp-content\/uploads\/2019\/11\/IMG_20191116_205016-225x300.jpg 225w\" sizes=\"auto, (max-width: 768px) 100vw, 768px\" \/><\/a><\/figure>\n","protected":false},"excerpt":{"rendered":"<p>Po raz pierwszy wychowankowie naszej bursy w\u0142\u0105czyli si\u0119 do akcji zbierania rzeczy dla chorych dzieci w ubieg\u0142ym roku. Akcja prowadzona by\u0142a pod has\u0142em: ,,B\u0105d\u017amy anio\u0142ami cho\u0107 przez jeden dzie\u0144\u201d. W ubieg\u0142ym roku najbardziej hojna okaza\u0142a si\u0119 Yuzefina. Dzi\u0119ki jej za to. Stw\u00f3rzmy w Bursie tradycj\u0119 pomagania. W\u0142\u0105czmy si\u0119 ponownie, nios\u0105c u\u015bmiech chorym dzieciom poprzez nasz \u015bwi\u0105teczny podarunek. Przyniesione rzeczy prosz\u0119 przekazywa\u0107 wychowawcy do pokoju nauczycielskiego \u00a0na I pi\u0119trze. Osoba, kt\u00f3ra&#8230;<\/p>\n","protected":false},"author":1,"featured_media":0,"comment_status":"closed","ping_status":"open","sticky":false,"template":"","format":"standard","meta":{"footnotes":""},"categories":[1],"tags":[],"class_list":["post-2558","post","type-post","status-publish","format-standard","hentry","category-uncategorized"],"_links":{"self":[{"href":"https:\/\/bursa3radom.pl\/index.php?rest_route=\/wp\/v2\/posts\/2558","targetHints":{"allow":["GET"]}}],"collection":[{"href":"https:\/\/bursa3radom.pl\/index.php?rest_route=\/wp\/v2\/posts"}],"about":[{"href":"https:\/\/bursa3radom.pl\/index.php?rest_route=\/wp\/v2\/types\/post"}],"author":[{"embeddable":true,"href":"https:\/\/bursa3radom.pl\/index.php?rest_route=\/wp\/v2\/users\/1"}],"replies":[{"embeddable":true,"href":"https:\/\/bursa3radom.pl\/index.php?rest_route=%2Fwp%2Fv2%2Fcomments&post=2558"}],"version-history":[{"count":1,"href":"https:\/\/bursa3radom.pl\/index.php?rest_route=\/wp\/v2\/posts\/2558\/revisions"}],"predecessor-version":[{"id":2563,"href":"https:\/\/bursa3radom.pl\/index.php?rest_route=\/wp\/v2\/posts\/2558\/revisions\/2563"}],"wp:attachment":[{"href":"https:\/\/bursa3radom.pl\/index.php?rest_route=%2Fwp%2Fv2%2Fmedia&parent=2558"}],"wp:term":[{"taxonomy":"category","embeddable":true,"href":"https:\/\/bursa3radom.pl\/index.php?rest_route=%2Fwp%2Fv2%2Fcategories&post=2558"},{"taxonomy":"post_tag","embeddable":true,"href":"https:\/\/bursa3radom.pl\/index.php?rest_route=%2Fwp%2Fv2%2Ftags&post=2558"}],"curies":[{"name":"wp","href":"https:\/\/api.w.org\/{rel}","templated":true}]}}